{"id":5319,"date":"2017-04-26T13:08:52","date_gmt":"2017-04-26T11:08:52","guid":{"rendered":"http:\/\/www.comicleser.de\/?p=5319"},"modified":"2017-04-26T13:21:01","modified_gmt":"2017-04-26T11:21:01","slug":"detektei-hardy-integral-2-kult-comics","status":"publish","type":"post","link":"https:\/\/www.comicleser.de\/?p=5319","title":{"rendered":"Detektei Hardy, Integral 2 (Kult Comics)"},"content":{"rendered":"<p><img loading=\"lazy\" decoding=\"async\" class=\"alignright size-full wp-image-5320\" src=\"http:\/\/www.comicleser.de\/wp-content\/uploads\/2017\/04\/Detektei-Hardy-2.jpg\" alt=\"\" width=\"290\" height=\"400\" srcset=\"https:\/\/www.comicleser.de\/wp-content\/uploads\/2017\/04\/Detektei-Hardy-2.jpg 290w, https:\/\/www.comicleser.de\/wp-content\/uploads\/2017\/04\/Detektei-Hardy-2-218x300.jpg 218w\" sizes=\"auto, (max-width: 290px) 100vw, 290px\" \/><\/p>\n<p>Zweiter und letzter <a href=\"http:\/\/www.comicleser.de\/?p=4802\" target=\"_blank\" rel=\"noopener noreferrer\">Sammelband der Reihe<\/a>, der gleich vier Alben der Serie in sich vereint! Den Anfang macht \u201eWeisser Vorort, roter Vorort\u201c: Edith wird im Jahr 1957 von einem Renault-Ingenieur namens Puhl-Doubinge kontaktiert. Das Gipsmodell eines kommenden Prototyps, des \u201eLa Tropicale\u201c, ist im Werk auf der \u00cele Seguin im S\u00fcdwesten von Paris gestohlen worden. Und mit ihm alle Pl\u00e4ne und Aufzeichnungen. Edith ermittelt auf F\u00fchrungsebene, w\u00e4hrend sie Victor bei den Arbeitern \u201eeinschleust\u201c, um dort an Informationen zu gelangen. Schon bald ergibt sich eine hei\u00dfe Spur\u2026 \u201eBerlin, Franz\u00f6sischer Sektor\u201c: Inzwischen schreiben wir das Jahr 1958. \u00dcber die Chefs der sozialistischen Zeitung \u201eCombat\u201c, f\u00fcr die Victors Freundin Rosa nun schreibt, gelangt Edith an einen Auftrag in <a href=\"http:\/\/www.comicleser.de\/?p=4139\" target=\"_blank\" rel=\"noopener noreferrer\">Berlin<\/a>. Der Milit\u00e4rgouverneur des franz\u00f6sischen Sektors, General Vestermann, wird bedroht. Er soll auf seinen neuen Posten im Krisen gesch\u00fcttelten Algerien verzichten, ansonsten werde sein kleiner Sohn entf\u00fchrt. Edith entschlie\u00dft sich f\u00fcr ein riskantes Spiel, um die potenziellen Entf\u00fchrer aus der Deckung zu locken\u2026<\/p>\n<p>In \u201eBoulevard der Verbrechen\u201c kehren wir ein Jahr sp\u00e4ter wieder nach <a href=\"http:\/\/www.comicleser.de\/?p=404\" target=\"_blank\" rel=\"noopener noreferrer\">Paris<\/a> zur\u00fcck. Hier hat es die Detektei Hardy gleich mit zwei F\u00e4llen zu tun. W\u00e4hrend Edith versucht, die Hinterm\u00e4nner einer Verschw\u00f6rung bzw. eines geplanten Attentats auf de Gaulle unsch\u00e4dlich zu machen, fungiert Victor einmal mehr als \u201eU-Boot\u201c und soll als Lockvogel in einem Pariser Theater in einem historischen St\u00fcck auftreten. Denn die beiden Darsteller der m\u00e4nnlichen Hauptrolle wurden nacheinander auf der B\u00fchne live vor Publikum erschossen\u2026 Im abschlie\u00dfenden Album \u201eDiamanten schmelzen in der Sonne\u201c, das 1960 spielt, sind die Rollen von Edith und Victor endg\u00fcltig zweigeteilt. Auch geographisch. Edith ermittelt die Hintergr\u00fcnde eines wieder aufgetauchten Edelsteins, der einer j\u00fcdischen Familie geh\u00f6rte, die im Krieg den Nazis zum Opfer fiel. Und Victor eilt seiner Rosa in das vom bereits langj\u00e4hrigen Krieg gezeichnete Algerien nach, die dort als Kriegsberichterstatterin eine neue, wenn auch heikle Aufgabe suchte. Wobei sich am Ende die Wege der Protagonisten wieder kreuzen.<\/p>\n<p>Vier v\u00f6llig unterschiedliche F\u00e4lle f\u00fcr die Detektivin Edith Hardy und ihren r\u00fchrigen Assistenten Victor Maziero, die alle in sich abgeschlossen sind, wenngleich die Personen Alben-\u00fcbergreifend eine pers\u00f6nliche Entwicklung erfahren. Und die alle eine zweite, politische Ebene aufzeigen, die auf unterschiedliche Art und Weise stets eine gewichtige Rolle spielt. Sind es im Renault-Fall die sozialen Kl\u00fcfte zwischen Arbeiterklasse und B\u00fcrgertum (w\u00e4hrend erstere \u201efabriknah\u201c im Schrebergarten picknickt, zelebriert das B\u00fcrgertum ein Barbecue ganz en vogue nach amerikanischem Vorbild), dient das Nachkriegs-Berlin im zweiten Fall als Kulisse f\u00fcr die Handlung. Und immer mehr r\u00fcckt der bereits 1954 ausgebrochene Algerienkrieg in den Vordergrund und bestimmt das politische Handeln. Zuerst in der Bedrohung des Generals, dann steht der neue Pr\u00e4sident de Gaulle selbst im Mittelpunkt des Geschehens, nachdem er den Plan einer politischen Selbstbestimmung Algeriens verk\u00fcndet und somit dort die ohnehin fragile Lage noch weiter eskalieren l\u00e4sst, was Victor letztendlich hautnah zu sp\u00fcren bekommt.<\/p>\n<div id=\"attachment_5322\" style=\"width: 292px\" class=\"wp-caption alignleft\"><img loading=\"lazy\" decoding=\"async\" aria-describedby=\"caption-attachment-5322\" class=\"size-full wp-image-5322\" src=\"http:\/\/www.comicleser.de\/wp-content\/uploads\/2017\/04\/Detektei-Hardy-2-Vorzugsausgabe.jpg\" alt=\"\" width=\"282\" height=\"380\" srcset=\"https:\/\/www.comicleser.de\/wp-content\/uploads\/2017\/04\/Detektei-Hardy-2-Vorzugsausgabe.jpg 282w, https:\/\/www.comicleser.de\/wp-content\/uploads\/2017\/04\/Detektei-Hardy-2-Vorzugsausgabe-223x300.jpg 223w\" sizes=\"auto, (max-width: 282px) 100vw, 282px\" \/><p id=\"caption-attachment-5322\" class=\"wp-caption-text\">Die auf nur 99 St. limitierte Vorzugsausgabe<\/p><\/div>\n<p>Auch andere historische Details untermauern die gl\u00e4nzende Authentizit\u00e4t, vor der die Handlung spielt. So hat der legend\u00e4re Renault-Prototyp \u00c9toile Filante einen Gastauftritt, das das inzwischen v\u00f6llig demontierte und abgerissene Renault-Werk auf der \u00cele Seguin in der Seine, das Jahrzehnte lang ein ganzes Viertel pr\u00e4gte, feiert eine Wiederauferstehung. Und die von ehemaligen Widerstandsk\u00e4mpfern begr\u00fcndete Zeitung \u201eCombat\u201c gab es ebenfalls. Die b\u00fcrgerliche Edith l\u00f6st ihre F\u00e4lle mit vornehmer, beinahe aristokratischer Distanz, sie tritt stets selbstbewusst und mond\u00e4n auf, bewahrt dabei auch in kniffligen Situationen einen klaren Kopf. Heimlicher Star der Bandes ist Assistent Victor, der langsam aber sicher aus dem Schatten Ediths tritt und immer selbstbewusster wird, wobei er in jeder Geschichte &#8211; beinahe als Running Gag &#8211; einstecken muss: er bricht sich Bein und Handgelenk, verletzt sich am Kopf und landet schlie\u00dflich im Knast. Dazu gibt es ein Wiedersehen mit Personen aus dem ersten Integral-Band: Gewerkschaftler Mornic taucht wieder auf (nat\u00fcrlich in der Renault-Episode) und Jones, der amerikanische Agent, der gef\u00fchlt in jedem Krisengebiet unter anderem Namen mitmischt, erweist sich wieder als treuer Verb\u00fcndeter Ediths \u2013 und noch mehr.<\/p>\n<p>Die vier hier enthaltenen Alben erschienen zwischen 2006 und 2012 bei Dargaud. Auch wenn die einzelnen F\u00e4lle bisweilen absehbar sind, \u00fcberraschen sie doch durch ihre Originalit\u00e4t, was stets f\u00fcr Abwechslung sorgt. Dazu gesellt sich die politisch-historische Ebene, ein Markenzeichen von Altmeister <a href=\"http:\/\/www.comicleser.de\/?p=2110\" target=\"_blank\" rel=\"noopener noreferrer\">Pierre Christin<\/a> (abseits von <a href=\"http:\/\/www.comicleser.de\/?p=5254\" target=\"_blank\" rel=\"noopener noreferrer\">\u201eValerian und Veronique\u201c<\/a>) \u2013 siehe seine Alben, die mit <a href=\"http:\/\/www.comicleser.de\/?p=2886\" target=\"_blank\" rel=\"noopener noreferrer\">Enki Bilal<\/a> als Zeichner entstanden. Subtil konstruiert er die F\u00e4lle Ediths und Victors, wie deren jeweilige Aufkl\u00e4rung, wobei er kein Detail vergisst und auch Action-Sequenzen, wie Verfolgungsjagten oder Schie\u00dfereien die Stories anreichern. Und Annie Goetzingers Stil, der unterk\u00fchlt und edel wie die Hauptdarstellerin selbst und dabei genau und bestimmt \u2013 samt stimmiger Farbgebung in blassen retro-T\u00f6nen\u2013 daherkommt, passt bestens in die Zeit. Zusammen garantieren beide intelligente wie spannende franko-belgische Comic-Unterhaltung. F\u00fcr Sammler legt der Verlag eine auf nur 99 St\u00fcck limitierte Vorzugsausgabe mit Variantcover auf, der ein von Annie Goetzinger signierter Druck beiliegt. (bw)<\/p>\n<p><a href=\"http:\/\/kultcomics.net\/detektei-hardy\/\" target=\"_blank\" rel=\"noopener noreferrer\">Detektei Hardy Integral, Band 2<\/a><br \/>\nText: Pierre Christin<br \/>\nBilder: Annie Goetzinger<br \/>\n198 Seiten in Farbe, Hardcover<br \/>\nKult Comics<br \/>\n34,95 Euro<\/p>\n<p>ISBN: 978-3-946722-08-3<\/p>\n<div class=\"wp_twitter_button\" style=\"float: right; margin-left: 10px;\">\n\t\t\t\t<a href=\"http:\/\/twitter.com\/share?counturl=https%3A%2F%2Fwww.comicleser.de%2F%3Fp%3D5319\" class=\"twitter-share-button\" data-url=\"https:\/\/www.comicleser.de\/?p=5319\" data-count=\"none\" data-via=\"comicleser\" data-lang=\"de\" data-text=\"Detektei Hardy, Integral 2 (Kult Comics) &raquo; Comicleser #Annie Goetzinger #Dargaud #Detektei H [...]\">Tweet<\/a>\n\t\t\t<\/div>\n","protected":false},"excerpt":{"rendered":"<p>Zweiter und letzter Sammelband der Reihe, der gleich vier Alben der Serie in sich vereint! Den Anfang macht \u201eWeisser Vorort, roter Vorort\u201c: Edith wird im Jahr 1957 von einem Renault-Ingenieur namens Puhl-Doubinge kontaktiert. Das Gipsmodell eines kommenden Prototyps, des \u201eLa Tropicale\u201c, ist im Werk auf der \u00cele Seguin im S\u00fcdwesten von Paris gestohlen worden. Und [&hellip;]<\/p>\n","protected":false},"author":2,"featured_media":0,"comment_status":"closed","ping_status":"open","sticky":false,"template":"","format":"standard","meta":{"footnotes":""},"categories":[2091],"tags":[2499,1827,2498,23,1687,2092,1037],"class_list":["post-5319","post","type-post","status-publish","format-standard","hentry","category-kult-comics","tag-annie-goetzinger","tag-dargaud","tag-detektei-hardy","tag-gesamtausgabe","tag-integral","tag-kult-comics","tag-pierre-christin"],"_links":{"self":[{"href":"https:\/\/www.comicleser.de\/index.php?rest_route=\/wp\/v2\/posts\/5319","targetHints":{"allow":["GET"]}}],"collection":[{"href":"https:\/\/www.comicleser.de\/index.php?rest_route=\/wp\/v2\/posts"}],"about":[{"href":"https:\/\/www.comicleser.de\/index.php?rest_route=\/wp\/v2\/types\/post"}],"author":[{"embeddable":true,"href":"https:\/\/www.comicleser.de\/index.php?rest_route=\/wp\/v2\/users\/2"}],"replies":[{"embeddable":true,"href":"https:\/\/www.comicleser.de\/index.php?rest_route=%2Fwp%2Fv2%2Fcomments&post=5319"}],"version-history":[{"count":6,"href":"https:\/\/www.comicleser.de\/index.php?rest_route=\/wp\/v2\/posts\/5319\/revisions"}],"predecessor-version":[{"id":5327,"href":"https:\/\/www.comicleser.de\/index.php?rest_route=\/wp\/v2\/posts\/5319\/revisions\/5327"}],"wp:attachment":[{"href":"https:\/\/www.comicleser.de\/index.php?rest_route=%2Fwp%2Fv2%2Fmedia&parent=5319"}],"wp:term":[{"taxonomy":"category","embeddable":true,"href":"https:\/\/www.comicleser.de\/index.php?rest_route=%2Fwp%2Fv2%2Fcategories&post=5319"},{"taxonomy":"post_tag","embeddable":true,"href":"https:\/\/www.comicleser.de\/index.php?rest_route=%2Fwp%2Fv2%2Ftags&post=5319"}],"curies":[{"name":"wp","href":"https:\/\/api.w.org\/{rel}","templated":true}]}}