{"id":14692,"date":"2026-04-28T12:05:52","date_gmt":"2026-04-28T10:05:52","guid":{"rendered":"https:\/\/www.comicleser.de\/?p=14692"},"modified":"2026-04-28T12:15:10","modified_gmt":"2026-04-28T10:15:10","slug":"der-sterbliche-thor-band-1-panini","status":"publish","type":"post","link":"https:\/\/www.comicleser.de\/?p=14692","title":{"rendered":"Der sterbliche Thor, Band 1 (Panini)"},"content":{"rendered":"<div class=\"wp-block-image\">\n<figure class=\"alignleft size-full\"><img loading=\"lazy\" decoding=\"async\" width=\"274\" height=\"400\" src=\"https:\/\/www.comicleser.de\/wp-content\/uploads\/2026\/04\/Sterbliche-Thor-1_WEB.jpg\" alt=\"Der sterbliche Thor, Band 1 (Panini Comics)\" class=\"wp-image-14693\" srcset=\"https:\/\/www.comicleser.de\/wp-content\/uploads\/2026\/04\/Sterbliche-Thor-1_WEB.jpg 274w, https:\/\/www.comicleser.de\/wp-content\/uploads\/2026\/04\/Sterbliche-Thor-1_WEB-206x300.jpg 206w\" sizes=\"auto, (max-width: 274px) 100vw, 274px\" \/><\/figure><\/div>\n\n\n<p>Erinnern kann er sich an nicht mehr viel, der langhaarige Sigurd Jarlson. Eine kleine gr\u00fcnhaarige G\u00f6re namens Lucki hat ihm die Schl\u00fcssel zu einer abgeranzten Wohnung in New York in die Hand gedr\u00fcckt, mit dem Hammer in seinem Werkzeugkoffer kann er ganz gut umgehen, und das mit dem Englisch klappt auch immer besser. Nur einen Job braucht er noch, weshalb er sich in Richtung einer Baustelle des Roxxon-Konzerns aufmacht. Dort stellt er fest, dass man eigentlich nur Streikbrecher anheuern will, h\u00e4lt spontan eine Rede f\u00fcr Recht und Ehre und trollt sich wieder.<\/p>\n\n\n\n<p>Das nimmt ihm der Schl\u00e4gertrupp, den Roxxon als Sicherheitskr\u00e4fte angeheuert hat, eher \u00fcbel und lauert dem blonden H\u00fcnen in einer dunklen Gasse auf. Was aber nicht ausgeht wie geplant &#8211; Sigurd l\u00e4sst buchst\u00e4blich den Hammer kreisen und schickt seine Widersacher rabiat auf die Bretter bzw. ins Krankenhaus. In der Wohnung seiner Nachbarin Kristin Seok flickt er sich durchaus gekonnt selbst wieder zusammen und zerlegt die Biker-Gang, die sich Thor schimpfen, in deren Hauptquartier Rough House endg\u00fcltig. Aber in Gestalt des finsteren Blake und seiner S\u00f6hne der Schlange, die den blonden <a href=\"https:\/\/www.comicleser.de\/?p=3564\" data-type=\"post\" data-id=\"3564\" target=\"_blank\" rel=\"noreferrer noopener\">Sigurd<\/a> suchen, naht schon neues Ungemach\u2026<\/p>\n\n\n<div class=\"wp-block-image\">\n<figure class=\"alignright size-full is-resized\"><img loading=\"lazy\" decoding=\"async\" width=\"274\" height=\"400\" src=\"https:\/\/www.comicleser.de\/wp-content\/uploads\/2026\/04\/Sterbliche-Thor_Variant_WEB.jpg\" alt=\"Der sterbliche Thor, Band 1 - Variant-Cover\" class=\"wp-image-14695\" style=\"width:257px;height:auto\" srcset=\"https:\/\/www.comicleser.de\/wp-content\/uploads\/2026\/04\/Sterbliche-Thor_Variant_WEB.jpg 274w, https:\/\/www.comicleser.de\/wp-content\/uploads\/2026\/04\/Sterbliche-Thor_Variant_WEB-206x300.jpg 206w\" sizes=\"auto, (max-width: 274px) 100vw, 274px\" \/><\/figure><\/div>\n\n\n<p>Wie sagen es die alten Schweden von <a href=\"https:\/\/www.comicleser.de\/?p=12850\" data-type=\"post\" data-id=\"12850\" target=\"_blank\" rel=\"noreferrer noopener\">Amon Amarth<\/a> schon: Twilight of the Thunder God! In den launigen Ereignissen der Storyline \u201eDer unsterbliche Thor\u201c blieb in Asgard kein Stein auf dem anderen. Die Regenbogenbr\u00fccke ist zerst\u00f6rt, Thor kam ums Leben (geht das bei einem Gott?), der alte Kampfgef\u00e4hrte Beta Ray Bill gilt als Gr\u00fcndungsmitglied <a href=\"https:\/\/www.comicleser.de\/?p=13221\" data-type=\"post\" data-id=\"13221\" target=\"_blank\" rel=\"noreferrer noopener\">der Avengers<\/a>, und die Menschen haben die G\u00f6tter komplett vergessen. Mit dieser Pr\u00e4misse hat Al Ewing offenkundig einen diebischen Spa\u00df: Sigurd spricht gerne mal Norwegisch, mag ganz landesuntypisch keinen <a href=\"https:\/\/www.comicleser.de\/?p=1993\" data-type=\"post\" data-id=\"1993\" target=\"_blank\" rel=\"noreferrer noopener\">Black Metal<\/a> (er bevorzugt a-ha) und bastelt sich mit einem Gummiband eine Art R\u00fcckholvorrichtung f\u00fcr den Hammer, mit dem er fast wie sein vergessenes Vorbild walten kann.<\/p>\n\n\n\n<p>Dass dabei auch so einiges an Mythologie aus dem alten Kanon hervorgekramt wird, versteht sich von selbst &#8211; Thors fr\u00fcheres irdisches Alter Ego Don Blake wurde schon in den 2020ern als eigener, fieser Charakter eingef\u00fchrt, die Sons of the Serpent schl\u00e4ngeln sich seit 1966 in verschiedenen Inkarnationen durch die Gegend, und auch Sigurd Jarlson steht in guter Tradition: als <a href=\"https:\/\/www.comicleser.de\/?p=3159\" data-type=\"post\" data-id=\"3159\" target=\"_blank\" rel=\"noreferrer noopener\">Walter Simonson<\/a> in den 80ern den Hammer an Beta Ray Bill \u00fcbergab, ersann Nick Fury kurzerhand eine neue zivile Identit\u00e4t f\u00fcr Thor und schuf den blonden Bauarbeiter mit Pferdeschwanz. Zeichnerisch wird die Sache von Pasqual Ferry mit Schmackes kredenzt, wobei auch so manche Handgreiflichkeit nicht fehlen darf. Der vorliegende schlanke Band enth\u00e4lt die US-Hefte \u201eMortal Thor\u201c 1-3 \u2013 wer es exklusiver mag, f\u00fcr den gibt\u2019s eine <a href=\"https:\/\/www.panini.de\/shp_deu_de\/der-sterbliche-thor-1-variant-dthpr001v-de02.html\" data-type=\"link\" data-id=\"https:\/\/www.panini.de\/shp_deu_de\/der-sterbliche-thor-1-variant-dthpr001v-de02.html\" target=\"_blank\" rel=\"noreferrer noopener\">auf 222 Exemplare limitierte Ausgabe<\/a> mit Variant-Cover &#8211; siehe rechts. (hb)<\/p>\n\n\n\n<p><a href=\"https:\/\/www.panini.de\/shp_deu_de\/der-sterbliche-thor-1-dthpr001-de02.html\" data-type=\"link\" data-id=\"https:\/\/www.panini.de\/shp_deu_de\/der-sterbliche-thor-1-dthpr001-de02.html\" target=\"_blank\" rel=\"noreferrer noopener\">Der sterbliche Thor, Band 1<\/a><br>Text &amp; Story: Al Ewing<br>Bilder: Pasqual Ferry<br>72 Seiten in Farbe, Softcover<br>Panini Comics<br>9,99 Euro<\/p>\n\n\n\n<p>ISBN: 978-3-7416-4679-9<\/p>\n<div class=\"wp_twitter_button\" style=\"float: right; margin-left: 10px;\">\n\t\t\t\t<a href=\"http:\/\/twitter.com\/share?counturl=https%3A%2F%2Fwww.comicleser.de%2F%3Fp%3D14692\" class=\"twitter-share-button\" data-url=\"https:\/\/www.comicleser.de\/?p=14692\" data-count=\"none\" data-via=\"comicleser\" data-lang=\"de\" data-text=\"Der sterbliche Thor, Band 1 (Panini) &raquo; Comicleser #Al Ewing #Der sterbliche Thor #Marvel #Ma [...]\">Tweet<\/a>\n\t\t\t<\/div>","protected":false},"excerpt":{"rendered":"<p>Erinnern kann er sich an nicht mehr viel, der langhaarige Sigurd Jarlson. Eine kleine gr\u00fcnhaarige G\u00f6re namens Lucki hat ihm die Schl\u00fcssel zu einer abgeranzten Wohnung in New York in die Hand gedr\u00fcckt, mit dem Hammer in seinem Werkzeugkoffer kann er ganz gut umgehen, und das mit dem Englisch klappt auch immer besser. Nur einen [&hellip;]<\/p>\n","protected":false},"author":1,"featured_media":0,"comment_status":"closed","ping_status":"open","sticky":false,"template":"","format":"standard","meta":{"footnotes":""},"categories":[12],"tags":[1927,6348,60,5230,1492,240,2539,378,6347,28,435],"class_list":["post-14692","post","type-post","status-publish","format-standard","hentry","category-panini","tag-al-ewing","tag-der-sterbliche-thor","tag-marvel","tag-marvel-comics","tag-panini","tag-panini-comics","tag-pasqual-ferry","tag-sammelband","tag-sigurd-jarlson","tag-superhelden","tag-thor"],"_links":{"self":[{"href":"https:\/\/www.comicleser.de\/index.php?rest_route=\/wp\/v2\/posts\/14692","targetHints":{"allow":["GET"]}}],"collection":[{"href":"https:\/\/www.comicleser.de\/index.php?rest_route=\/wp\/v2\/posts"}],"about":[{"href":"https:\/\/www.comicleser.de\/index.php?rest_route=\/wp\/v2\/types\/post"}],"author":[{"embeddable":true,"href":"https:\/\/www.comicleser.de\/index.php?rest_route=\/wp\/v2\/users\/1"}],"replies":[{"embeddable":true,"href":"https:\/\/www.comicleser.de\/index.php?rest_route=%2Fwp%2Fv2%2Fcomments&post=14692"}],"version-history":[{"count":4,"href":"https:\/\/www.comicleser.de\/index.php?rest_route=\/wp\/v2\/posts\/14692\/revisions"}],"predecessor-version":[{"id":14699,"href":"https:\/\/www.comicleser.de\/index.php?rest_route=\/wp\/v2\/posts\/14692\/revisions\/14699"}],"wp:attachment":[{"href":"https:\/\/www.comicleser.de\/index.php?rest_route=%2Fwp%2Fv2%2Fmedia&parent=14692"}],"wp:term":[{"taxonomy":"category","embeddable":true,"href":"https:\/\/www.comicleser.de\/index.php?rest_route=%2Fwp%2Fv2%2Fcategories&post=14692"},{"taxonomy":"post_tag","embeddable":true,"href":"https:\/\/www.comicleser.de\/index.php?rest_route=%2Fwp%2Fv2%2Ftags&post=14692"}],"curies":[{"name":"wp","href":"https:\/\/api.w.org\/{rel}","templated":true}]}}