{"id":14667,"date":"2026-04-22T13:20:55","date_gmt":"2026-04-22T11:20:55","guid":{"rendered":"https:\/\/www.comicleser.de\/?p=14667"},"modified":"2026-04-22T13:23:37","modified_gmt":"2026-04-22T11:23:37","slug":"kriegsfotografen-splitter","status":"publish","type":"post","link":"https:\/\/www.comicleser.de\/?p=14667","title":{"rendered":"Kriegsfotografen (Splitter)"},"content":{"rendered":"<div class=\"wp-block-image\">\n<figure class=\"alignright size-full\"><img loading=\"lazy\" decoding=\"async\" width=\"284\" height=\"400\" src=\"https:\/\/www.comicleser.de\/wp-content\/uploads\/2026\/04\/Kriegsfotografen_WEB.jpg\" alt=\"Kriegsfotografen: Hans Namuth und Georg Reisner 1936 - 1940 (Splitter Verlag)\" class=\"wp-image-14668\" srcset=\"https:\/\/www.comicleser.de\/wp-content\/uploads\/2026\/04\/Kriegsfotografen_WEB.jpg 284w, https:\/\/www.comicleser.de\/wp-content\/uploads\/2026\/04\/Kriegsfotografen_WEB-213x300.jpg 213w\" sizes=\"auto, (max-width: 284px) 100vw, 284px\" \/><\/figure><\/div>\n\n\n<p>Barcelona, im Juli 1936. Die beiden Fotografen und Exil-Deutschen Hans Namuth und Georg Reisner wollen die sogenannte Volksolympiade in Bildern festhalten, eine Gegenveranstaltung zu den Olympischen Spielen in Berlin, als Protest organisiert von der linksgerichteten spanischen Regierung der Zweiten Republik. Trotz ihrer jungen Jahre sind Namuth und Reisner bereits etabliert, arbeiten sie doch f\u00fcr die franz\u00f6sische Wochenzeitschrift \u201eVu\u201c, die bekannt ist f\u00fcr aufwendige und qualitativ hochwertige Fotoreportagen. Unmittelbar vor der Er\u00f6ffnungsfeier der Volksolympiade erfahren sie, dass sich die Kolonialarmee <a href=\"https:\/\/www.comicleser.de\/?p=4052\" data-type=\"post\" data-id=\"4052\" target=\"_blank\" rel=\"noreferrer noopener\">Spanisch-Marokkos<\/a> gegen die bei vielen unbeliebte Republik erhoben hat. Schnell greift der aufst\u00e4ndische Funke auf das Mutterland \u00fcber \u2013 schon einen Tag sp\u00e4ter fallen Sch\u00fcsse in Barcelona und bald im ganzen Land. Namuth und Reisner dokumentieren mutig das blutige Geschehen und werden so Zeugen des Beginns des spanischen B\u00fcrgerkrieges\u2026<\/p>\n\n\n\n<p>In Spanien standen sich damals zwei politische Lager unvers\u00f6hnlich wie aggressiv gegen\u00fcber: die Republikaner mit der linksliberalen Regierung, erst seit Februar des Jahres an der Macht, und die rechten Nationalisten mit faschistischer Ideologie (die Falangisten) und dem Milit\u00e4r auf ihrer Seite. Was zu einer politischen Instabilit\u00e4t des ohnehin geschw\u00e4chten Landes f\u00fchrte. 1936 eskalierte dieser schwelende Konflikt binnen kurzer Zeit vollends und m\u00fcndete in einen B\u00fcrgerkrieg, in dem die Faschisten unter General Franco 1939 schlie\u00dflich die Oberhand erlangten, nicht zuletzt auch mit milit\u00e4rischer Unterst\u00fctzung von Nazi-Deutschland (u.a. mit der Legion Condor und der Bombardierung Guernicas). Francos Regime sollte bis zum Tod des Diktators 1975 bestehen bleiben. Auch in Comics wurde der Spanische B\u00fcrgerkrieg thematisiert \u2013 wie \u201eDoppel 7\u201c von <a href=\"https:\/\/www.comicleser.de\/?p=12833\" data-type=\"post\" data-id=\"12833\" target=\"_blank\" rel=\"noreferrer noopener\">Yann<\/a> und <a href=\"https:\/\/www.comicleser.de\/?p=12754\" data-type=\"post\" data-id=\"12754\" target=\"_blank\" rel=\"noreferrer noopener\">Andr\u00e9 Juillard<\/a> oder \u201eMax Friedman\u201c von <a href=\"https:\/\/www.comicleser.de\/?p=8007\" data-type=\"post\" data-id=\"8007\" target=\"_blank\" rel=\"noreferrer noopener\">Vittorio Giardino<\/a>, um zwei Beispiele zu nennen.<\/p>\n\n\n<div class=\"wp-block-image\">\n<figure class=\"alignleft size-full\"><img loading=\"lazy\" decoding=\"async\" width=\"283\" height=\"400\" src=\"https:\/\/www.comicleser.de\/wp-content\/uploads\/2026\/04\/Kriegsfotografen_Panel-1_WEB.jpg\" alt=\"\" class=\"wp-image-14670\" srcset=\"https:\/\/www.comicleser.de\/wp-content\/uploads\/2026\/04\/Kriegsfotografen_Panel-1_WEB.jpg 283w, https:\/\/www.comicleser.de\/wp-content\/uploads\/2026\/04\/Kriegsfotografen_Panel-1_WEB-212x300.jpg 212w\" sizes=\"auto, (max-width: 283px) 100vw, 283px\" \/><\/figure><\/div>\n\n\n<p>Um n\u00e4her am Kriegsgeschehen zu sein, beschlie\u00dfen Namuth und Reisner entlang der Frontlinie zu fahren, treffen und fotografieren bewaffnete Bauern, die sich den Faschisten entgegenstellen. Dabei geraten die beiden unter stundenlangem Beschuss und m\u00fcssen unter Lebensgefahr fliehen, eine Passage, die in dem Band besonders eindringlich und intensiv geschildert wird: Auf einer Doppelseite spiegelt sich die Todesangst auf den Gesichtern der beiden Fotografen wider &#8211; nur ein Beispiel der originellen Seiten- und Panel-Komposition von Zeichner Titwane. Sp\u00e4ter reisen die beiden nach Madrid in die Hauptstadt, die von einer Anh\u00f6he aus permanent beschossen wird. L\u00e4ngst haben sie die Hoffnung auf einen schnellen Sieg der Republikaner aufgegeben. Sie kommen im Hotel Florida unter, in dem auch bekannte Kriegsberichterstatter und Fotografen absteigen, wie <a href=\"https:\/\/www.comicleser.de\/?p=4179\" data-type=\"post\" data-id=\"4179\" target=\"_blank\" rel=\"noreferrer noopener\">Ernest Hemingway<\/a>, <a href=\"https:\/\/www.comicleser.de\/?p=3553\" data-type=\"post\" data-id=\"3553\" target=\"_blank\" rel=\"noreferrer noopener\">Antoine des Saint-Exup\u00e9ry<\/a> oder Robert Capa (dessen Aufnahme \u201eDer Tod des Milizion\u00e4rs\u201c eines der ber\u00fchmtesten Kriegsfotos \u00fcberhaupt wird \u2013 und nebenher auch umstritten, was hier kurz angedeutet wird).<\/p>\n\n\n\n<p>Insgesamt verbringen Namuth und Reisner sieben Monate in den Wirren des B\u00fcrgerkriegs. Entsprechend konsequent schildert Autor Raynal Pellecier das Geschehen ausschlie\u00dflich aus deren (republikanischer) Sicht. Am Ende, als selbst die Republikaner unter sowjetischem Einfluss zerstritten sind und damit den Sieg der Faschisten beg\u00fcnstigen, m\u00fcssen Namuth und Reisner das Land verlassen. Sie gr\u00fcnden in Frankreich wieder ein Fotostudio, ehe sie erneut von einem Krieg eingeholt werden: als Deutsche in Frankreich werden sie interniert und verlieren sich aus den Augen\u2026 Der Band ist eine gelungene Mischung aus Sachcomic, Geschichtsstunde und Biografie. Er zeigt den Krieg und Kampfhandlungen selten direkt. Stattdessen konfrontiert er Leserinnen und Leser mit den unmittelbaren Folgen und Auswirkungen des Krieges: Zerst\u00f6rungen, das Leid der Menschen, entschlossene K\u00e4mpfer, Barrikaden.<\/p>\n\n\n<div class=\"wp-block-image\">\n<figure class=\"alignright size-full\"><img loading=\"lazy\" decoding=\"async\" width=\"500\" height=\"375\" src=\"https:\/\/www.comicleser.de\/wp-content\/uploads\/2026\/04\/Kriegsfotografen_Panel-2_WEB.jpg\" alt=\"\" class=\"wp-image-14672\" srcset=\"https:\/\/www.comicleser.de\/wp-content\/uploads\/2026\/04\/Kriegsfotografen_Panel-2_WEB.jpg 500w, https:\/\/www.comicleser.de\/wp-content\/uploads\/2026\/04\/Kriegsfotografen_Panel-2_WEB-300x225.jpg 300w\" sizes=\"auto, (max-width: 500px) 100vw, 500px\" \/><\/figure><\/div>\n\n\n<p>Wie bereits erw\u00e4hnt h\u00e4lt sich Zeichner Titwane nicht nur an traditionelle Panel-Anordnungen und schildert das Geschehen gerne in Collagen und originellen Seitenlayouts, die mit gro\u00dfformatigen Bildern oder ganzseitigen Darstellungen wechseln. Farblich benutzt er dabei fast nur sepiafarbene T\u00f6ne, die (passenderweise) an alte Fotografien erinnern. Geog Reisner, von Krankheit und Depressionen geplagt, stirbt am 21. Dezember 1940 nach einem Selbstmordversuch. Nur zwei Tage sp\u00e4ter wird sein Visum f\u00fcr die USA ausgestellt. Sein Freund und Partner Hans Namuth gelangt im Februar 1941 in die USA, wird dort durch seine K\u00fcnstlerportraits bekannt (u.a. von Jackson Pollock). Er kommt 1990 bei einem Autounfall ums Leben. Wen die Geschichte des Spanischen B\u00fcrgerkriegs interessiert, liegt hier goldrichtig, auch wenn nur eine Seite und die aus der Sicht der beiden Kriegsfotografen portraitiert wird. (bw).<\/p>\n\n\n\n<p><a href=\"https:\/\/www.splitter-verlag.de\/kriegsfotografen.html\" data-type=\"link\" data-id=\"https:\/\/www.splitter-verlag.de\/kriegsfotografen.html\" target=\"_blank\" rel=\"noreferrer noopener\">Kriegsfotografen: Hans Namuth und Georg Reisner 1936 &#8211; 1940<\/a><br>Text &amp; Story: Raynal Pellicer<br>Bilder: Titwane<br>152 Seiten in Farbe, Hardcover<br>Splitter Verlag<br>29,80 Euro<\/p>\n\n\n\n<p>ISBN: 978-3-68950-126-6<\/p>\n<div class=\"wp_twitter_button\" style=\"float: right; margin-left: 10px;\">\n\t\t\t\t<a href=\"http:\/\/twitter.com\/share?counturl=https%3A%2F%2Fwww.comicleser.de%2F%3Fp%3D14667\" class=\"twitter-share-button\" data-url=\"https:\/\/www.comicleser.de\/?p=14667\" data-count=\"none\" data-via=\"comicleser\" data-lang=\"de\" data-text=\"Kriegsfotografen (Splitter) &raquo; Comicleser #B\u00fcrgerkrieg #Einzelband #Georg Reisner #Graphic N [...]\">Tweet<\/a>\n\t\t\t<\/div>","protected":false},"excerpt":{"rendered":"<p>Barcelona, im Juli 1936. Die beiden Fotografen und Exil-Deutschen Hans Namuth und Georg Reisner wollen die sogenannte Volksolympiade in Bildern festhalten, eine Gegenveranstaltung zu den Olympischen Spielen in Berlin, als Protest organisiert von der linksgerichteten spanischen Regierung der Zweiten Republik. Trotz ihrer jungen Jahre sind Namuth und Reisner bereits etabliert, arbeiten sie doch f\u00fcr die [&hellip;]<\/p>\n","protected":false},"author":1,"featured_media":0,"comment_status":"closed","ping_status":"open","sticky":false,"template":"","format":"standard","meta":{"footnotes":""},"categories":[7],"tags":[6342,25,6337,35,6339,6336,6340,6338,1488,407,6341],"class_list":["post-14667","post","type-post","status-publish","format-standard","hentry","category-splitter","tag-buergerkrieg","tag-einzelband","tag-georg-reisner","tag-graphic-novel","tag-hans-namuth","tag-kriegsfotografen","tag-raynal-pellicer","tag-spanien","tag-splitter","tag-splitter-verlag","tag-titwane"],"_links":{"self":[{"href":"https:\/\/www.comicleser.de\/index.php?rest_route=\/wp\/v2\/posts\/14667","targetHints":{"allow":["GET"]}}],"collection":[{"href":"https:\/\/www.comicleser.de\/index.php?rest_route=\/wp\/v2\/posts"}],"about":[{"href":"https:\/\/www.comicleser.de\/index.php?rest_route=\/wp\/v2\/types\/post"}],"author":[{"embeddable":true,"href":"https:\/\/www.comicleser.de\/index.php?rest_route=\/wp\/v2\/users\/1"}],"replies":[{"embeddable":true,"href":"https:\/\/www.comicleser.de\/index.php?rest_route=%2Fwp%2Fv2%2Fcomments&post=14667"}],"version-history":[{"count":4,"href":"https:\/\/www.comicleser.de\/index.php?rest_route=\/wp\/v2\/posts\/14667\/revisions"}],"predecessor-version":[{"id":14674,"href":"https:\/\/www.comicleser.de\/index.php?rest_route=\/wp\/v2\/posts\/14667\/revisions\/14674"}],"wp:attachment":[{"href":"https:\/\/www.comicleser.de\/index.php?rest_route=%2Fwp%2Fv2%2Fmedia&parent=14667"}],"wp:term":[{"taxonomy":"category","embeddable":true,"href":"https:\/\/www.comicleser.de\/index.php?rest_route=%2Fwp%2Fv2%2Fcategories&post=14667"},{"taxonomy":"post_tag","embeddable":true,"href":"https:\/\/www.comicleser.de\/index.php?rest_route=%2Fwp%2Fv2%2Ftags&post=14667"}],"curies":[{"name":"wp","href":"https:\/\/api.w.org\/{rel}","templated":true}]}}