{"id":13889,"date":"2025-08-22T12:06:30","date_gmt":"2025-08-22T10:06:30","guid":{"rendered":"https:\/\/www.comicleser.de\/?p=13889"},"modified":"2025-08-22T12:11:40","modified_gmt":"2025-08-22T10:11:40","slug":"kriege-drachen-band-3-splitter","status":"publish","type":"post","link":"https:\/\/www.comicleser.de\/?p=13889","title":{"rendered":"Kriege &#038; Drachen, Band 3 (Splitter)"},"content":{"rendered":"\n<div class=\"wp-block-image\"><figure class=\"alignleft size-large\"><img loading=\"lazy\" decoding=\"async\" width=\"288\" height=\"400\" src=\"https:\/\/www.comicleser.de\/wp-content\/uploads\/2025\/08\/Kriege-und-Drachen-3_WEB.jpg\" alt=\"Kriege &amp; Drachen, Band 3: Der Kongamato (Splitter Verlag)\" class=\"wp-image-13890\" srcset=\"https:\/\/www.comicleser.de\/wp-content\/uploads\/2025\/08\/Kriege-und-Drachen-3_WEB.jpg 288w, https:\/\/www.comicleser.de\/wp-content\/uploads\/2025\/08\/Kriege-und-Drachen-3_WEB-216x300.jpg 216w\" sizes=\"auto, (max-width: 288px) 100vw, 288px\" \/><\/figure><\/div>\n\n\n\n<p>Unabh\u00e4ngigkeit ist nicht immer nur etwas Gutes: das muss die Bev\u00f6lkerung Angolas leidvoll erfahren. Als sich die ehemaligen portugiesischen Kolonialherren zur\u00fcckziehen, versinkt das Land im Chaos: der Kalte Krieg wird hei\u00df, als sich die Unita (unterst\u00fctzt durch Amerika) und die MLPA (Handlanger der damaligen UdSSR) stellvertretend f\u00fcr Ost und West brutal bekriegen. Auch die kleine Anica Vinama wird zuerst von der MLPA gerettet und dann als Kindersoldat zwangsrekrutiert. Im Ausbildungslager herrschen menschenverachtende Praktiken, der selbst ernannte General Kassembe verhetzt die kleinen Rekruten und l\u00e4sst alle, die die Flucht versuchen, von einem Shetan fressen \u2013 einem Drachen, den er zu beherrschen scheint. Auch Anica ertappt sich allm\u00e4hlich dabei, zuerst eine Art Stolz zu empfinden und dann komplett abzustumpfen.<\/p>\n\n\n\n<p>Beim ersten \u201eEinsatz\u201c m\u00fcssen die neuen Truppen ein Dorf von Zivilisten ausl\u00f6schen, um dann im Kampf gegen andere Soldaten endg\u00fcltig ihre Bestimmung zu finden \u2013 oft unterst\u00fctzt vom Shetan, gesteuert von Kassembe. Als Vinama verletzt wird und ihre Freundin Samara Medikamente stiehlt, kommt es zur dramatischen Wendung: Samara wird ebenfalls dem Shetan vorgeworfen, worauf Vinama endg\u00fcltig beschlie\u00dft, ihr Heil in der Flucht zu suchen. Nach einer Odyssee durch die W\u00fcste gelingt es ihr tats\u00e4chlich, ihr altes Dorf zu finden, wo sie nur noch ihren Gro\u00dfvater antrifft. Der kann ihr gerade noch berichten, dass Kassembe das ganze Dorf in die Diamantenminen verschleppt hat, bevor er stirbt. Vinama entsinnt sich der uralten Legende des Kongamato, des Drachen, der ihr Dorf besch\u00fctzt haben soll \u2013 und fasst den Plan, gegen den Shetan anzugehen\u2026<\/p>\n\n\n\n<p>In Band 3 der <a rel=\"noreferrer noopener\" href=\"https:\/\/www.comicleser.de\/?p=13560\" data-type=\"post\" data-id=\"13560\" target=\"_blank\">High Concept Reihe<\/a> werfen die Sch\u00f6pfer <a href=\"https:\/\/www.comicleser.de\/?p=5631\" data-type=\"post\" data-id=\"5631\" target=\"_blank\" rel=\"noreferrer noopener\">Nicolas Jarry<\/a> und <a href=\"https:\/\/www.comicleser.de\/?p=4866\" data-type=\"post\" data-id=\"4866\" target=\"_blank\" rel=\"noreferrer noopener\">J.L. Istin<\/a>, ausgef\u00fchrt von Jarry, David Courtois und Paolo Antiga, auf ein besonders finsteres Kapitel der Weltgeschichte: in der chaotischen Zeit nach dem R\u00fcckzug Portugals aus Angola im Jahr 1975 versank das Land in einem <a rel=\"noreferrer noopener\" href=\"https:\/\/www.comicleser.de\/?p=6986\" data-type=\"post\" data-id=\"6986\" target=\"_blank\">blutigen B\u00fcrgerkrieg<\/a>, in dem die ehemaligen Herrscher genauso gemeuchelt wurden wie die Zivilbev\u00f6lkerung. Die zutiefst absto\u00dfende Praxis der Rekrutierung und Gehirnw\u00e4sche von Kindersoldaten kennt man (leider) aus B\u00fcrgerkriegen rund um den Globus, was der Thematik eine besonders beklemmende Note verleiht.<\/p>\n\n\n\n<p>Die Grundidee der in historische Geschehnisse wie selbstverst\u00e4ndlich eingewobenen Fabelwesen (genannt \u201eUchronie\u201c) tritt hier weniger in den Vordergrund als in den bisherigen Ausgaben: die Shetani haben einige wenige (zugegebenerma\u00dfen erschreckende) Auftritte, und \u2013 gro\u00dfe \u00dcberraschung und gar kein Spoiler \u2013 die gro\u00dfe finale Auseinandersetzung liefern sich dann der Fiesling und der Schutzdrache von Vinama, der dann erstmals fulminant in Szene gesetzt wird. Die D\u00fcsternis der Erz\u00e4hlung spiegelt sich in den dunklen, pastellfarbenen Panels von Paolo Antiga \u2013 nur in der Szene, als Vinama mit ihrem Gro\u00dfvater am Sternenhimmel die geheime Verbindung zwischen den Dingen erkennt, herrscht so etwas wie eine Stimmung von Erl\u00f6sung und Gl\u00fcck. Beklemmend und ersch\u00fctternd. Band 4 wird mit Pearl Harbor dann nach Band 1 (<a href=\"https:\/\/www.comicleser.de\/?p=13434\" data-type=\"post\" data-id=\"13434\" target=\"_blank\" rel=\"noreferrer noopener\">\u201eDie Luftschlacht um England\u201c<\/a>) nochmals einen Blick darauf werfen, wie die titelgebenden Drachen auch in den <a href=\"https:\/\/www.comicleser.de\/?p=6481\" data-type=\"post\" data-id=\"6481\" target=\"_blank\" rel=\"noreferrer noopener\">zweiten Weltkrieg<\/a> eingriffen. (hb)<\/p>\n\n\n\n<p><a href=\"https:\/\/www.splitter-verlag.de\/kriege-drachen-3.html\" data-type=\"URL\" data-id=\"https:\/\/www.splitter-verlag.de\/kriege-drachen-3.html\" target=\"_blank\" rel=\"noreferrer noopener\">Kriege &amp; Drachen, Band 3: Der Kongamato<\/a><br>Text &amp; Story: Nicolas Jarry, David Courtois<br>Bilder: Paolo Antiga<br>56 Seiten in Farbe, Hardcover<br>Splitter Verlag<br>18 Euro<\/p>\n\n\n\n<p>ISBN: 978-3-98721-456-1<\/p>\n<div class=\"wp_twitter_button\" style=\"float: right; margin-left: 10px;\">\n\t\t\t\t<a href=\"http:\/\/twitter.com\/share?counturl=https%3A%2F%2Fwww.comicleser.de%2F%3Fp%3D13889\" class=\"twitter-share-button\" data-url=\"https:\/\/www.comicleser.de\/?p=13889\" data-count=\"none\" data-via=\"comicleser\" data-lang=\"de\" data-text=\"Kriege &#038; Drachen, Band 3 (Splitter) &raquo; Comicleser #David Courtois #Der Kongamato #Fantas [...]\">Tweet<\/a>\n\t\t\t<\/div>","protected":false},"excerpt":{"rendered":"<p>Unabh\u00e4ngigkeit ist nicht immer nur etwas Gutes: das muss die Bev\u00f6lkerung Angolas leidvoll erfahren. Als sich die ehemaligen portugiesischen Kolonialherren zur\u00fcckziehen, versinkt das Land im Chaos: der Kalte Krieg wird hei\u00df, als sich die Unita (unterst\u00fctzt durch Amerika) und die MLPA (Handlanger der damaligen UdSSR) stellvertretend f\u00fcr Ost und West brutal bekriegen. Auch die kleine [&hellip;]<\/p>\n","protected":false},"author":1,"featured_media":0,"comment_status":"closed","ping_status":"open","sticky":false,"template":"","format":"standard","meta":{"footnotes":""},"categories":[7],"tags":[6080,6082,147,5916,216,6081,1488,407],"class_list":["post-13889","post","type-post","status-publish","format-standard","hentry","category-splitter","tag-david-courtois","tag-der-kongamato","tag-fantasy","tag-kriege-drachen","tag-nicolas-jarry","tag-paolo-antiga","tag-splitter","tag-splitter-verlag"],"_links":{"self":[{"href":"https:\/\/www.comicleser.de\/index.php?rest_route=\/wp\/v2\/posts\/13889","targetHints":{"allow":["GET"]}}],"collection":[{"href":"https:\/\/www.comicleser.de\/index.php?rest_route=\/wp\/v2\/posts"}],"about":[{"href":"https:\/\/www.comicleser.de\/index.php?rest_route=\/wp\/v2\/types\/post"}],"author":[{"embeddable":true,"href":"https:\/\/www.comicleser.de\/index.php?rest_route=\/wp\/v2\/users\/1"}],"replies":[{"embeddable":true,"href":"https:\/\/www.comicleser.de\/index.php?rest_route=%2Fwp%2Fv2%2Fcomments&post=13889"}],"version-history":[{"count":3,"href":"https:\/\/www.comicleser.de\/index.php?rest_route=\/wp\/v2\/posts\/13889\/revisions"}],"predecessor-version":[{"id":13894,"href":"https:\/\/www.comicleser.de\/index.php?rest_route=\/wp\/v2\/posts\/13889\/revisions\/13894"}],"wp:attachment":[{"href":"https:\/\/www.comicleser.de\/index.php?rest_route=%2Fwp%2Fv2%2Fmedia&parent=13889"}],"wp:term":[{"taxonomy":"category","embeddable":true,"href":"https:\/\/www.comicleser.de\/index.php?rest_route=%2Fwp%2Fv2%2Fcategories&post=13889"},{"taxonomy":"post_tag","embeddable":true,"href":"https:\/\/www.comicleser.de\/index.php?rest_route=%2Fwp%2Fv2%2Ftags&post=13889"}],"curies":[{"name":"wp","href":"https:\/\/api.w.org\/{rel}","templated":true}]}}