{"id":12995,"date":"2024-10-16T12:11:08","date_gmt":"2024-10-16T10:11:08","guid":{"rendered":"https:\/\/www.comicleser.de\/?p=12995"},"modified":"2024-10-16T12:12:39","modified_gmt":"2024-10-16T10:12:39","slug":"der-riddler-das-erste-jahr-panini","status":"publish","type":"post","link":"https:\/\/www.comicleser.de\/?p=12995","title":{"rendered":"Der Riddler \u2013 Das erste Jahr (Panini)"},"content":{"rendered":"\n<div class=\"wp-block-image\"><figure class=\"alignleft size-large\"><img loading=\"lazy\" decoding=\"async\" width=\"274\" height=\"400\" src=\"https:\/\/www.comicleser.de\/wp-content\/uploads\/2024\/10\/Riddler-Das-erste-Jahr_SC_WEB.jpg\" alt=\"Der Riddler \u2013 Das erste Jahr; von Paul Dano &amp; Stevan Subic (Panini Comics)\n\" class=\"wp-image-12996\" srcset=\"https:\/\/www.comicleser.de\/wp-content\/uploads\/2024\/10\/Riddler-Das-erste-Jahr_SC_WEB.jpg 274w, https:\/\/www.comicleser.de\/wp-content\/uploads\/2024\/10\/Riddler-Das-erste-Jahr_SC_WEB-206x300.jpg 206w\" sizes=\"auto, (max-width: 274px) 100vw, 274px\" \/><\/figure><\/div>\n\n\n\n<p>Edward Nashton hat es alles andere als leicht im Leben. Von seiner Mutter wurde er nach der Geburt vor dem Gotham Waisenhaus abgelegt, wo er fortan ein eher k\u00e4rgliches Leben fristet. Nach durchaus traumatischen Jahren fasst der hochbegabte Sonderling Fu\u00df bei einer Wirtschaftspr\u00fcfungskanzlei, wo er alsbald als kauziges Zahlengenie gilt. Edward leidet unter seiner Vergangenheit, empfindet Gotham als Moloch und findet Best\u00e4tigung in der Internet-Community Nigma.Org, wo Wirrk\u00f6pfe ihre Thesen verbreiten \u2013 nicht zuletzt zu dem maskierten Vigilanten, der in letzter Zeit <a href=\"https:\/\/www.comicleser.de\/?p=5023\" data-type=\"post\" data-id=\"5023\" target=\"_blank\" rel=\"noreferrer noopener\">Gothams<\/a> Unterwelt das F\u00fcrchten lehrt.<\/p>\n\n\n\n<p>Eines Tages st\u00f6\u00dft Edward bei einer Aktenpr\u00fcfung auf verd\u00e4chtige Zahlungen, die von einem Firmengeflecht namens \u201eWaterfront Industries\u201c hin zur gemeinn\u00fctzigen Stiftung \u201eRenewal Program\u201c gehen, die seinerzeit von Thomas Wayne als Perspektive <a href=\"https:\/\/www.comicleser.de\/?p=12370\" data-type=\"post\" data-id=\"12370\" target=\"_blank\" rel=\"noreferrer noopener\">f\u00fcr Gothams<\/a> Jugendliche gegr\u00fcndet wurde. Als sein Chef davon nichts wissen will, nimmt Edward selbst per \u00dcberwachungskameras die Spur auf und stellt schnell fest, dass man hier offenbar Geldw\u00e4sche im gro\u00dfen Stil betreibt. Als man einen der Geldkuriere bestialisch ermordet und Edward dies per gehackter \u00dcberwachungskamera live mitverfolgt, beschlie\u00dft er endg\u00fcltig, einzugreifen. Per Geheimchat gelingt es ihm, mit Batman Kontakt aufzunehmen, w\u00e4hrend er sich Zugang zu dem top gesicherten \u201eMountain Security\u201c-Archiv verschafft, in dem alle Unterlagen der Wirtschaftspr\u00fcfungskanzlei lagern.<\/p>\n\n\n\n<p>Dort f\u00fcgt Edward in akribisch-manischer Spurensuche alle Puzzlest\u00fccke zusammen und deckt eine gigantische Verbrechensmaschinerie auf: Drogengelder werden \u00fcber Scheinfirmen ins System geschleust und dann unter dem Deckmantel gro\u00dfz\u00fcgiger Spenden an Polizei, Staatsanwaltschaft und auch Edwards Arbeitgeber verteilt, w\u00e4hrend im Hintergrund der Mafia-Boss Falcone die F\u00e4den in der Hand h\u00e4lt. Heimgesucht von den Schatten seiner Vergangenheit im Waisenhaus, gleitet Edward zunehmend in eine Psychose ab, in der er sich als Kampfgef\u00e4hrte Batmans sieht und einen gewaltigen Schlag gegen \u201edas System\u201c plant, der alle korrupten Fieslinge buchst\u00e4blich \u00fcberfluten soll\u2026<\/p>\n\n\n\n<p>\u201eRiddle me this, Batman\u201c, mit dieser Catchphrase sprang ein spa\u00dfiges M\u00e4nnlein umher, gekleidet in quietsch-gr\u00fcnem Outfit inklusive diverser Fragezeichen. Der Riddler Edward R. Nigma (in der deutschen \u00dcbersetzung gerne auch mal \u201eMr. Sphinx\u201c genannt), ersonnen von <a href=\"https:\/\/www.comicleser.de\/?p=11840\" data-type=\"post\" data-id=\"11840\" target=\"_blank\" rel=\"noreferrer noopener\">Bill Finger<\/a> und Dick Sprang, geh\u00f6rt seit seinem Deb\u00fct in Detective Comics 140 von 1948 zum festen Schurken-Inventar im Batman-Universum, dessen Markenzeichen raffinierte R\u00e4tsel sind, mit denen er seinem Kontrahenten Hinweise auf seine Missetaten gibt. Vom clownesken Gebaren der 60er, kulminierend in der kultig-trashigen TV-Serie, wich schon <a href=\"https:\/\/www.comicleser.de\/?p=12165\" data-type=\"post\" data-id=\"12165\" target=\"_blank\" rel=\"noreferrer noopener\">Tom King<\/a> in seinem One-Shot <a href=\"https:\/\/www.comicleser.de\/?p=11178\" data-type=\"post\" data-id=\"11178\" target=\"_blank\" rel=\"noreferrer noopener\">\u201eOne Bad Day: Riddler\u201c<\/a> ab, in dem er eine ganz und gar nicht spa\u00dfige Backstory entwickelte und den Riddler als knallharten Psychopathen darstellte.<\/p>\n\n\n\n<div class=\"wp-block-image\"><figure class=\"alignright size-large is-resized\"><img loading=\"lazy\" decoding=\"async\" src=\"https:\/\/www.comicleser.de\/wp-content\/uploads\/2024\/10\/Riddler-Das-erste-Jahr_HC_WEB.jpg\" alt=\"Der Riddler \u2013 Das erste Jahr (lim. HC)\" class=\"wp-image-12998\" width=\"241\" height=\"352\" srcset=\"https:\/\/www.comicleser.de\/wp-content\/uploads\/2024\/10\/Riddler-Das-erste-Jahr_HC_WEB.jpg 274w, https:\/\/www.comicleser.de\/wp-content\/uploads\/2024\/10\/Riddler-Das-erste-Jahr_HC_WEB-206x300.jpg 206w\" sizes=\"auto, (max-width: 241px) 100vw, 241px\" \/><figcaption>Die verlagsvergriffene HC-Variante<\/figcaption><\/figure><\/div>\n\n\n\n<p>Einen Schritt weiter ging dann zur gleichen Zeit Matt Reeves im d\u00fcsteren Leinwandepos \u201eThe Batman\u201c, in dem Paul Dano den R\u00e4tselmacher als \u201ehigh functioning sociopath\u201c (ganz nach <a rel=\"noreferrer noopener\" href=\"https:\/\/www.comicleser.de\/?p=6821\" data-type=\"post\" data-id=\"6821\" target=\"_blank\">\u201eSherlock\u201c-Manier<\/a>) darstellte, der radikal gegen Unterwelt und Batman gleicherma\u00dfen vorgeht, was in einer absichtlich herbeigef\u00fchrten Flutwelle kulminiert \u2013 finale Rettungsszene in bester \u201eMetropolis\u201c-Bildsprache inklusive. Die Vorgeschichte des psychopathischen Zahlenmeisters erfuhr man in Andeutungen, die eben der gleiche Paul Dano (offenbar nicht nur schauspielerisch, sondern auch schriftstellerisch begabt) nun in einer pechschwarzen Graphic Novel \u2013 benannt in Anlehnung an <a rel=\"noreferrer noopener\" href=\"https:\/\/www.comicleser.de\/?p=12338\" data-type=\"post\" data-id=\"12338\" target=\"_blank\">Frank Millers<\/a> legend\u00e4rer Origin \u201eBatman: Year One\u201c ausbreitet.<\/p>\n\n\n\n<p>In seiner Vision erlitt der kleine Edward im Waisenhaus jahrelange seelische Pein \u2013 zum Gef\u00fchl, unwillkommen im Leben zu sein, gesellte sich eine einschneidende Entt\u00e4uschung: beim Besuch des Waisenhauses verspricht Thomas Wayne g\u00f6nnerhaft eine bessere Zukunft und ermuntert Edward, sein Talent zu pflegen, um irgendwann vielleicht sogar bei Wayne Industries arbeiten zu k\u00f6nnen. Alle Bewerbungen beim Renewal Program kommen postwendend mit Ablehnung zur\u00fcck, was Edward zutiefst kr\u00e4nkt \u2013 dass das Ganze nach der Ermordung von Thomas Wayne zur Front f\u00fcr das organisierte Verbrechen mutierte, diese Erkenntnis st\u00fcrzt den erwachsenen Edward in eine massive Krise.<\/p>\n\n\n\n<p>Edward zieht als Kind Parallelen zum ebenfalls verwaisten <a href=\"https:\/\/www.comicleser.de\/?p=12121\" data-type=\"post\" data-id=\"12121\" target=\"_blank\" rel=\"noreferrer noopener\">Bruce Wayne<\/a>, nicht wissend, dass der von ihm so bewunderte <a href=\"https:\/\/www.comicleser.de\/?p=11625\" data-type=\"post\" data-id=\"11625\" target=\"_blank\" rel=\"noreferrer noopener\">Batman<\/a> das Alter Ego des erwachsenen Bruce ist. Die ganze Handlung treibt schlie\u00dflich auf den Moment hin, in dem Edward seine eigene Kunstfigur annimmt und seine ersten Taten vorbereitet \u2013 was dann den Auftakt zum Kinofilm darstellt, womit Dano den Kreis gekonnt schlie\u00dft. Erz\u00e4hltechnisch zieht Dano dabei alle Register, mit Zeitspr\u00fcngen und einem zutiefst unzuverl\u00e4ssigen Erz\u00e4hler: wir erleben das Geschehen nur aus Edwards Sicht und m\u00fcssen stets abw\u00e4gen, was Wahrheit und Wahn ist.<\/p>\n\n\n\n<p>Die optische Gestaltung spiegelt diese subjektive Erz\u00e4hlweise: ganz im Stile von Dave McKeans epochalem \u201eArkham Asylum\u201c arbeitet <a href=\"https:\/\/www.comicleser.de\/?p=10120\" data-type=\"post\" data-id=\"10120\" target=\"_blank\" rel=\"noreferrer noopener\">Zeichner Stevan Subic<\/a> (u.a. \u201e<a rel=\"noreferrer noopener\" href=\"https:\/\/www.comicleser.de\/?p=11295\" data-type=\"post\" data-id=\"11295\" target=\"_blank\">Conan der Cimmerier<\/a>, Band 13\u201c) mit alptraumhaften Panels, Collagen und visueller Integration von Medien wie Bildschirmen, Emails und hektisch beschrifteten Zetteln. H\u00f6hepunkt dieser Technik ist Teil 5, \u201eNow I Know What I Have To Become\u201d, der ausschlie\u00dflich in optischer Spiegelung der Notizen des Riddlers einen finalen Absturz in die Psychose kraftvoll untermalt. Damit eine mehr als beeindruckende, tiefschwarze M\u00e4r, die den Weg einer armen Seele in den Abgrund schildert \u2013 und dabei ein m\u00e4chtiges Prequel zum Kinoalptraum bietet, den Reeves servierte. Der vorliegende Band enth\u00e4lt die komplette Miniserie \u201eRiddler: Year One\u201c, die in sechs Einzelheften erschien. (hb)<\/p>\n\n\n\n<p>Der Riddler \u2013 Das erste Jahr<br>Text &amp; Story: Paul Dano<br>Bilder: Stevan Subic<br>220 Seiten in Farbe, Softcover<br>Panini Comics<br>25 Euro<\/p>\n\n\n\n<p>ISBN: 978-3-7416-3527-4<\/p>\n<div class=\"wp_twitter_button\" style=\"float: right; margin-left: 10px;\">\n\t\t\t\t<a href=\"http:\/\/twitter.com\/share?counturl=https%3A%2F%2Fwww.comicleser.de%2F%3Fp%3D12995\" class=\"twitter-share-button\" data-url=\"https:\/\/www.comicleser.de\/?p=12995\" data-count=\"none\" data-via=\"comicleser\" data-lang=\"de\" data-text=\"Der Riddler \u2013 Das erste Jahr (Panini) &raquo; Comicleser #Batman #Das erste Jahr #DC #Panini #Pa [...]\">Tweet<\/a>\n\t\t\t<\/div>","protected":false},"excerpt":{"rendered":"<p>Edward Nashton hat es alles andere als leicht im Leben. Von seiner Mutter wurde er nach der Geburt vor dem Gotham Waisenhaus abgelegt, wo er fortan ein eher k\u00e4rgliches Leben fristet. Nach durchaus traumatischen Jahren fasst der hochbegabte Sonderling Fu\u00df bei einer Wirtschaftspr\u00fcfungskanzlei, wo er alsbald als kauziges Zahlengenie gilt. Edward leidet unter seiner Vergangenheit, [&hellip;]<\/p>\n","protected":false},"author":1,"featured_media":0,"comment_status":"closed","ping_status":"open","sticky":false,"template":"","format":"standard","meta":{"footnotes":""},"categories":[12],"tags":[109,1541,32,1492,240,5756,1886,3862,28],"class_list":["post-12995","post","type-post","status-publish","format-standard","hentry","category-panini","tag-batman","tag-das-erste-jahr","tag-dc","tag-panini","tag-panini-comics","tag-paul-dano","tag-riddler","tag-stevan-subic","tag-superhelden"],"_links":{"self":[{"href":"https:\/\/www.comicleser.de\/index.php?rest_route=\/wp\/v2\/posts\/12995","targetHints":{"allow":["GET"]}}],"collection":[{"href":"https:\/\/www.comicleser.de\/index.php?rest_route=\/wp\/v2\/posts"}],"about":[{"href":"https:\/\/www.comicleser.de\/index.php?rest_route=\/wp\/v2\/types\/post"}],"author":[{"embeddable":true,"href":"https:\/\/www.comicleser.de\/index.php?rest_route=\/wp\/v2\/users\/1"}],"replies":[{"embeddable":true,"href":"https:\/\/www.comicleser.de\/index.php?rest_route=%2Fwp%2Fv2%2Fcomments&post=12995"}],"version-history":[{"count":3,"href":"https:\/\/www.comicleser.de\/index.php?rest_route=\/wp\/v2\/posts\/12995\/revisions"}],"predecessor-version":[{"id":13000,"href":"https:\/\/www.comicleser.de\/index.php?rest_route=\/wp\/v2\/posts\/12995\/revisions\/13000"}],"wp:attachment":[{"href":"https:\/\/www.comicleser.de\/index.php?rest_route=%2Fwp%2Fv2%2Fmedia&parent=12995"}],"wp:term":[{"taxonomy":"category","embeddable":true,"href":"https:\/\/www.comicleser.de\/index.php?rest_route=%2Fwp%2Fv2%2Fcategories&post=12995"},{"taxonomy":"post_tag","embeddable":true,"href":"https:\/\/www.comicleser.de\/index.php?rest_route=%2Fwp%2Fv2%2Ftags&post=12995"}],"curies":[{"name":"wp","href":"https:\/\/api.w.org\/{rel}","templated":true}]}}