{"id":10704,"date":"2022-09-15T13:30:52","date_gmt":"2022-09-15T11:30:52","guid":{"rendered":"http:\/\/www.comicleser.de\/?p=10704"},"modified":"2022-09-15T13:39:11","modified_gmt":"2022-09-15T11:39:11","slug":"batman-tag-2022","status":"publish","type":"post","link":"https:\/\/www.comicleser.de\/?p=10704","title":{"rendered":"Batman-Tag 2022"},"content":{"rendered":"\n<div class=\"wp-block-image\"><figure class=\"alignleft size-large\"><img loading=\"lazy\" decoding=\"async\" width=\"312\" height=\"221\" src=\"http:\/\/www.comicleser.de\/wp-content\/uploads\/2022\/09\/Batman-Tag-2022_WEB-1.jpg\" alt=\"\" class=\"wp-image-10708\" srcset=\"https:\/\/www.comicleser.de\/wp-content\/uploads\/2022\/09\/Batman-Tag-2022_WEB-1.jpg 312w, https:\/\/www.comicleser.de\/wp-content\/uploads\/2022\/09\/Batman-Tag-2022_WEB-1-300x213.jpg 300w\" sizes=\"auto, (max-width: 312px) 100vw, 312px\" \/><\/figure><\/div>\n\n\n\n<p>Dritter Samstag im September, das hei\u00dft dieses Jahr nicht nur Beginn des Oktoberfestes, sondern auch: diesen Samstag, 17.09.2022 ist wieder <a rel=\"noreferrer noopener\" href=\"http:\/\/www.comicleser.de\/?tag=batman-tag\" data-type=\"URL\" data-id=\"http:\/\/www.comicleser.de\/?tag=batman-tag\" target=\"_blank\">Batman-Tag<\/a>. Inzwischen ein fester wie etablierter Termin im deutschen Comic-Betrieb, der \u00fcbrigens auch international \u201ebegangen\u201c wird. In den USA seit 2014, also p\u00fcnktlich zum damaligen 75. Geburtstags des Mitternachtsdetektivs.<\/p>\n\n\n\n<div class=\"wp-block-image\"><figure class=\"alignright size-large is-resized\"><img loading=\"lazy\" decoding=\"async\" src=\"http:\/\/www.comicleser.de\/wp-content\/uploads\/2022\/09\/Batman-Das-lange-Halloween_WEB.jpg\" alt=\"\" class=\"wp-image-10710\" width=\"222\" height=\"324\" srcset=\"https:\/\/www.comicleser.de\/wp-content\/uploads\/2022\/09\/Batman-Das-lange-Halloween_WEB.jpg 274w, https:\/\/www.comicleser.de\/wp-content\/uploads\/2022\/09\/Batman-Das-lange-Halloween_WEB-206x300.jpg 206w\" sizes=\"auto, (max-width: 222px) 100vw, 222px\" \/><\/figure><\/div>\n\n\n\n<p>Wie immer machen bei uns <a rel=\"noreferrer noopener\" href=\"https:\/\/paninishop.de\/batman-tag\/\" data-type=\"URL\" data-id=\"https:\/\/paninishop.de\/batman-tag\/\" target=\"_blank\">zahlreiche Comicshops und Comic affine Buchhandlungen<\/a> mit und wie immer h\u00e4lt Panini \u2013 der Deutsche Lizenzinhaber von DC \u2013 diverse Spitzohr-Schmankerl f\u00fcr alle bereit, die an diesem Tag in die L\u00e4den pilgern. Neben dem gewohnten Gratis-Comic, diversen kostenlosen Postkarten und limitierten Variant-Covern der beiden aktuellen Batman Heftserien werden wieder einige bemerkenswerte Neuerscheinungen und Neuauflagen angeboten, die heuer auch gerne im modernen <a rel=\"noreferrer noopener\" href=\"http:\/\/www.comicleser.de\/?p=974\" data-type=\"post\" data-id=\"974\" target=\"_blank\">Klassiker<\/a>-Bereich angesiedelt sind, allen voran die beiden Batman-Epen \u201eDark Victory\u201c und <a rel=\"noreferrer noopener\" href=\"http:\/\/www.comicleser.de\/?p=10220\" data-type=\"post\" data-id=\"10220\" target=\"_blank\">\u201eDas lange Halloween\u201c<\/a> &nbsp;von Jeph Loeb und des k\u00fcrzlich erst zu fr\u00fch verstorbenen Tim Sale.<\/p>\n\n\n\n<div class=\"wp-block-image\"><figure class=\"alignleft size-large is-resized\"><img loading=\"lazy\" decoding=\"async\" src=\"http:\/\/www.comicleser.de\/wp-content\/uploads\/2022\/09\/Batman-Der-Kult_WEB.jpg\" alt=\"\" class=\"wp-image-10712\" width=\"223\" height=\"325\" srcset=\"https:\/\/www.comicleser.de\/wp-content\/uploads\/2022\/09\/Batman-Der-Kult_WEB.jpg 274w, https:\/\/www.comicleser.de\/wp-content\/uploads\/2022\/09\/Batman-Der-Kult_WEB-206x300.jpg 206w\" sizes=\"auto, (max-width: 223px) 100vw, 223px\" \/><\/figure><\/div>\n\n\n\n<p>Beide Werke sind jeweils als Gesamtausgabe (Auflage jeweils nur 555 Exemplare) mit speziellen Relief-Covern erh\u00e4ltlich und nat\u00fcrlich auch zu einem speziellen Preis. Mein diesj\u00e4hriges Highlight ist jedoch eine l\u00e4ngst \u00fcberf\u00e4llige Neuauflage: \u201eBatman &#8211; Der Kult\u201c, geschrieben von <a rel=\"noreferrer noopener\" href=\"http:\/\/www.comicleser.de\/?p=7107\" data-type=\"post\" data-id=\"7107\" target=\"_blank\">Thanos<\/a> Mastermind <a rel=\"noreferrer noopener\" href=\"http:\/\/www.comicleser.de\/?p=7070\" data-type=\"post\" data-id=\"7070\" target=\"_blank\">Jim Starlin<\/a>, der seinerzeit auch <a rel=\"noreferrer noopener\" href=\"http:\/\/www.comicleser.de\/?p=8270\" data-type=\"post\" data-id=\"8270\" target=\"_blank\">Jason Todd in den Tod<\/a> schickte und gezeichnet von <a rel=\"noreferrer noopener\" href=\"http:\/\/www.comicleser.de\/?p=9609\" data-type=\"post\" data-id=\"9609\" target=\"_blank\">Bernie Wrightson<\/a>, der durch seinen <a rel=\"noreferrer noopener\" href=\"http:\/\/www.comicleser.de\/?p=10042\" data-type=\"post\" data-id=\"10042\" target=\"_blank\">\u201eSwamp Thing\u201c<\/a> Run ber\u00fchmt wurde. \u201eThe Cult\u201c erschien nur einmal bisher bei uns, von 1989 bis 1992, in vier Alben im Norbert Hethke Verlag, als dieser f\u00fcr einige Jahre die Deutschen DC Rechte inne hatte (und die Sache ganz sch\u00f6n vermurkste). Den Band gibt\u2019s am Samstag als Deluxe Edition und Gesamtausgabe mit \u00fcber 200 Seiten, regul\u00e4r ver\u00f6ffentlicht wird er erst einen Monat sp\u00e4ter.\u00a0 (bw)<\/p>\n\n\n\n<p><\/p>\n\n\n\n<p><\/p>\n\n\n\n<p><\/p>\n\n\n\n<p><\/p>\n<div class=\"wp_twitter_button\" style=\"float: right; margin-left: 10px;\">\n\t\t\t\t<a href=\"http:\/\/twitter.com\/share?counturl=https%3A%2F%2Fwww.comicleser.de%2F%3Fp%3D10704\" class=\"twitter-share-button\" data-url=\"https:\/\/www.comicleser.de\/?p=10704\" data-count=\"none\" data-via=\"comicleser\" data-lang=\"de\" data-text=\"Batman-Tag 2022 &raquo; Comicleser #Batman #Batman-Tag #Bernie Wrightson #Dark Victory #Das lange  [...]\">Tweet<\/a>\n\t\t\t<\/div>","protected":false},"excerpt":{"rendered":"<p>Dritter Samstag im September, das hei\u00dft dieses Jahr nicht nur Beginn des Oktoberfestes, sondern auch: diesen Samstag, 17.09.2022 ist wieder Batman-Tag. Inzwischen ein fester wie etablierter Termin im deutschen Comic-Betrieb, der \u00fcbrigens auch international \u201ebegangen\u201c wird. In den USA seit 2014, also p\u00fcnktlich zum damaligen 75. Geburtstags des Mitternachtsdetektivs. Wie immer machen bei uns zahlreiche [&hellip;]<\/p>\n","protected":false},"author":1,"featured_media":0,"comment_status":"closed","ping_status":"open","sticky":false,"template":"","format":"standard","meta":{"footnotes":""},"categories":[67],"tags":[109,1039,4428,4900,4710,4901,537,1357,1492,28,2087],"class_list":["post-10704","post","type-post","status-publish","format-standard","hentry","category-events","tag-batman","tag-batman-tag","tag-bernie-wrightson","tag-dark-victory","tag-das-lange-halloween","tag-der-kult","tag-jeph-loeb","tag-jim-starlin","tag-panini","tag-superhelden","tag-tim-sale"],"_links":{"self":[{"href":"https:\/\/www.comicleser.de\/index.php?rest_route=\/wp\/v2\/posts\/10704","targetHints":{"allow":["GET"]}}],"collection":[{"href":"https:\/\/www.comicleser.de\/index.php?rest_route=\/wp\/v2\/posts"}],"about":[{"href":"https:\/\/www.comicleser.de\/index.php?rest_route=\/wp\/v2\/types\/post"}],"author":[{"embeddable":true,"href":"https:\/\/www.comicleser.de\/index.php?rest_route=\/wp\/v2\/users\/1"}],"replies":[{"embeddable":true,"href":"https:\/\/www.comicleser.de\/index.php?rest_route=%2Fwp%2Fv2%2Fcomments&post=10704"}],"version-history":[{"count":8,"href":"https:\/\/www.comicleser.de\/index.php?rest_route=\/wp\/v2\/posts\/10704\/revisions"}],"predecessor-version":[{"id":10717,"href":"https:\/\/www.comicleser.de\/index.php?rest_route=\/wp\/v2\/posts\/10704\/revisions\/10717"}],"wp:attachment":[{"href":"https:\/\/www.comicleser.de\/index.php?rest_route=%2Fwp%2Fv2%2Fmedia&parent=10704"}],"wp:term":[{"taxonomy":"category","embeddable":true,"href":"https:\/\/www.comicleser.de\/index.php?rest_route=%2Fwp%2Fv2%2Fcategories&post=10704"},{"taxonomy":"post_tag","embeddable":true,"href":"https:\/\/www.comicleser.de\/index.php?rest_route=%2Fwp%2Fv2%2Ftags&post=10704"}],"curies":[{"name":"wp","href":"https:\/\/api.w.org\/{rel}","templated":true}]}}