{"id":10335,"date":"2022-04-08T13:31:13","date_gmt":"2022-04-08T11:31:13","guid":{"rendered":"http:\/\/www.comicleser.de\/?p=10335"},"modified":"2022-04-08T14:13:40","modified_gmt":"2022-04-08T12:13:40","slug":"70-jahre-daniel-duesentrieb-egmont","status":"publish","type":"post","link":"https:\/\/www.comicleser.de\/?p=10335","title":{"rendered":"70 Jahre Daniel D\u00fcsentrieb (Egmont)"},"content":{"rendered":"\n<div class=\"wp-block-image\"><figure class=\"alignleft size-large\"><img loading=\"lazy\" decoding=\"async\" width=\"272\" height=\"400\" src=\"http:\/\/www.comicleser.de\/wp-content\/uploads\/2022\/04\/70-Jahre-Daniel-Duesentrieb_Micky-Maus_WEB.jpg\" alt=\"Micky Maus Magazin, Ausgabe 09\/2022 (Egmont Ehapa Media) \" class=\"wp-image-10337\" srcset=\"https:\/\/www.comicleser.de\/wp-content\/uploads\/2022\/04\/70-Jahre-Daniel-Duesentrieb_Micky-Maus_WEB.jpg 272w, https:\/\/www.comicleser.de\/wp-content\/uploads\/2022\/04\/70-Jahre-Daniel-Duesentrieb_Micky-Maus_WEB-204x300.jpg 204w\" sizes=\"auto, (max-width: 272px) 100vw, 272px\" \/><\/figure><\/div>\n\n\n\n<p>Schon steht das <a href=\"http:\/\/www.comicleser.de\/?p=6118\" data-type=\"post\" data-id=\"6118\" target=\"_blank\" rel=\"noreferrer noopener\">n\u00e4chste Disney-Jubil\u00e4um<\/a> ins Haus: Daniel D\u00fcsentrieb, seines Zeichens Erfindergenie, wird heuer 70 Jahre alt. Erdacht wurde die Figur, wie so viele ihrer Entenhausener Kollegen, von <a href=\"http:\/\/www.comicleser.de\/?p=1659\" data-type=\"URL\" data-id=\"http:\/\/www.comicleser.de\/?p=1659\" target=\"_blank\" rel=\"noreferrer noopener\">Carl Barks<\/a>, dem \u201eGood Artist\u201c, der sie im Mai 1952 erstmals in einer Comic-Story, im Original als Gyro Gearloose, auftreten lie\u00df (in \u201eWalt Disney&#8217;s Comics and Stories\u201c #140). Die kongeniale Eindeutschung stammt nat\u00fcrlich von der \u00dcbersetzerin Dr. Erika Fuchs, die auch Daniel D\u00fcsentriebs ber\u00fchmten Ingeni\u00f6r-Leitspruch pr\u00e4gte, wieder einmal weit \u00fcber die Grenzen <a href=\"http:\/\/www.comicleser.de\/?p=2472\" data-type=\"post\" data-id=\"2472\" target=\"_blank\" rel=\"noreferrer noopener\">Entenhausens<\/a> hinaus.<\/p>\n\n\n\n<p>G\u00f6nnte man dem Erfinder (und nat\u00fcrlich seinem \u201eHelferlein\u201c) zum 50. noch ein Album und zum 65. immerhin einen Beitrag zum Gratis-Comic-Tag, finden die Feierlichkeiten zum 70. Geburtstag nun am Kiosk statt. Das <a rel=\"noreferrer noopener\" href=\"http:\/\/www.comicleser.de\/?p=9699\" data-type=\"post\" data-id=\"9699\" target=\"_blank\">Micky Maus Magazin<\/a> in der Ausgabe 09\/2022 widmet der Figur die Titelstory (\u201eKein Platz f\u00fcr Genies\u201c), in der enth\u00fcllt wird &#8211; quasi als Origin &#8211; wie Herr D\u00fcsentrieb Erfinder wurde und wie er an seine Werkstatt gelangte. Fein und angenehm detailliert gezeichnet von Arild Midthun, von dem in der Ehapa Comic Collection auch schon vor einigen Jahren ein Einzelband erschien (\u201eDie besten Geschichten von Arild Midthun\u201c). Als Gimmick enth\u00e4lt das Heft eine Helferlein-Figuren-Lampe, au\u00dferdem wird ein Erfinder-Wettbewerb ausgelobt, bei dem Alt und v.a. wohl Jung teilnehmen k\u00f6nnen.<\/p>\n\n\n\n<div class=\"wp-block-image\"><figure class=\"alignright size-large is-resized\"><img loading=\"lazy\" decoding=\"async\" src=\"http:\/\/www.comicleser.de\/wp-content\/uploads\/2022\/04\/70-Jahre-Daniel-Duesentrieb_MM-praesentiert_WEB-1.jpg\" alt=\"\" class=\"wp-image-10339\" width=\"260\" height=\"354\" srcset=\"https:\/\/www.comicleser.de\/wp-content\/uploads\/2022\/04\/70-Jahre-Daniel-Duesentrieb_MM-praesentiert_WEB-1.jpg 294w, https:\/\/www.comicleser.de\/wp-content\/uploads\/2022\/04\/70-Jahre-Daniel-Duesentrieb_MM-praesentiert_WEB-1-221x300.jpg 221w\" sizes=\"auto, (max-width: 260px) 100vw, 260px\" \/><\/figure><\/div>\n\n\n\n<p>Mehr D\u00fcsentrieb Geschichten bietet Ausgabe 39 des Magazins \u201eMicky Maus pr\u00e4sentiert\u201c (erscheint wie auch das besagte MM Heft am 14. April 2022), das sich in seiner G\u00e4nze dem Jubilar und seinen verschiedensten Kreationen widmet \u2013 wobei leider die Barks\u2019sche Premierenstory fehlt. Daf\u00fcr gew\u00f6hnt Entenhausens Haus- und Hof-Erfinder mittels Strahlenger\u00e4t den <a rel=\"noreferrer noopener\" href=\"http:\/\/www.comicleser.de\/?p=10096\" data-type=\"post\" data-id=\"10096\" target=\"_blank\">Panzerknackern<\/a> die Gaunereien ab \u2013 was nat\u00fcrlich nicht ganz funktioniert wie erhofft und schickt Donalds Neffen mittels gepimpter Seifenkiste auf einen Asteroiden \u2013 prominent gezeichnet von Vicar (auch der 2012 verstorbene Chilene wurde bereits mit zwei \u201eHall of Fame\u201c B\u00e4nden bedacht).<\/p>\n\n\n\n<p>Au\u00dferdem gibt\u2019s Zeitreisen mit mehreren D\u00fcsentriebs und auch seine Eigenschaft als Ausr\u00fcster von Donalds Alter Ego Phantomias kommt zur Sprache. 60 Seiten f\u00fcr \u20ac 3,50 &#8211; das geht in Ordnung. Wer dann doch lieber klassische Erfinder-Geschichten aus der Feder seines Sch\u00f6pfers lesen will, kann beispielsweise auf die sechs Daniel D\u00fcsentrieb Einzelb\u00e4nde innerhalb der Barks Library zugreifen, die jedoch bekanntlich nur noch antiquarisch erh\u00e4ltlich sind. (bw)<\/p>\n\n\n\n<p><a href=\"http:\/\/www.micky-maus.de\" data-type=\"URL\" data-id=\"www.micky-maus.de\" target=\"_blank\" rel=\"noreferrer noopener\">Micky Maus Magazin Nr. 09\/2022<\/a><br>Text &amp; Bilder: Arild Midthun, Mau Heymans u.a.<br>52 Seiten in Farbe, Heftformat<br>Egmont Ehapa Media<br>3,99 Euro<\/p>\n\n\n\n<p>Micky Maus Pr\u00e4sentiert Nr. 39<br>Text &amp; Bilder: Gorm Transgaard, Massaroli, Vicar, u.a.<br>60 Seiten in Farbe, Magazinformat<br>Egmont Ehapa Media<br>3,50 Euro<\/p>\n\n\n\n<p>\u00a9 Egmont Ehapa Media<\/p>\n<div class=\"wp_twitter_button\" style=\"float: right; margin-left: 10px;\">\n\t\t\t\t<a href=\"http:\/\/twitter.com\/share?counturl=https%3A%2F%2Fwww.comicleser.de%2F%3Fp%3D10335\" class=\"twitter-share-button\" data-url=\"https:\/\/www.comicleser.de\/?p=10335\" data-count=\"none\" data-via=\"comicleser\" data-lang=\"de\" data-text=\"70 Jahre Daniel D\u00fcsentrieb (Egmont) &raquo; Comicleser #Arild Midthun #Daniel D\u00fcsentrieb #Disney [...]\">Tweet<\/a>\n\t\t\t<\/div>","protected":false},"excerpt":{"rendered":"<p>Schon steht das n\u00e4chste Disney-Jubil\u00e4um ins Haus: Daniel D\u00fcsentrieb, seines Zeichens Erfindergenie, wird heuer 70 Jahre alt. Erdacht wurde die Figur, wie so viele ihrer Entenhausener Kollegen, von Carl Barks, dem \u201eGood Artist\u201c, der sie im Mai 1952 erstmals in einer Comic-Story, im Original als Gyro Gearloose, auftreten lie\u00df (in \u201eWalt Disney&#8217;s Comics and Stories\u201c [&hellip;]<\/p>\n","protected":false},"author":1,"featured_media":0,"comment_status":"closed","ping_status":"open","sticky":false,"template":"","format":"standard","meta":{"footnotes":""},"categories":[9],"tags":[699,1199,622,671,1275,674,4467,1490,37,3304,4470,24,4759,1080,1201,701,1077],"class_list":["post-10335","post","type-post","status-publish","format-standard","hentry","category-ehapa","tag-arild-midthun","tag-daniel-dusentrieb","tag-disney","tag-donald-duck","tag-egmont","tag-egmont-comic-collection","tag-egmont-ehapa-media","tag-ehapa","tag-funny","tag-gorm-transgaard","tag-jubilaeum","tag-klassiker","tag-massaroli","tag-mau-heymans","tag-micky-maus","tag-vicar","tag-walt-disney"],"_links":{"self":[{"href":"https:\/\/www.comicleser.de\/index.php?rest_route=\/wp\/v2\/posts\/10335","targetHints":{"allow":["GET"]}}],"collection":[{"href":"https:\/\/www.comicleser.de\/index.php?rest_route=\/wp\/v2\/posts"}],"about":[{"href":"https:\/\/www.comicleser.de\/index.php?rest_route=\/wp\/v2\/types\/post"}],"author":[{"embeddable":true,"href":"https:\/\/www.comicleser.de\/index.php?rest_route=\/wp\/v2\/users\/1"}],"replies":[{"embeddable":true,"href":"https:\/\/www.comicleser.de\/index.php?rest_route=%2Fwp%2Fv2%2Fcomments&post=10335"}],"version-history":[{"count":6,"href":"https:\/\/www.comicleser.de\/index.php?rest_route=\/wp\/v2\/posts\/10335\/revisions"}],"predecessor-version":[{"id":10344,"href":"https:\/\/www.comicleser.de\/index.php?rest_route=\/wp\/v2\/posts\/10335\/revisions\/10344"}],"wp:attachment":[{"href":"https:\/\/www.comicleser.de\/index.php?rest_route=%2Fwp%2Fv2%2Fmedia&parent=10335"}],"wp:term":[{"taxonomy":"category","embeddable":true,"href":"https:\/\/www.comicleser.de\/index.php?rest_route=%2Fwp%2Fv2%2Fcategories&post=10335"},{"taxonomy":"post_tag","embeddable":true,"href":"https:\/\/www.comicleser.de\/index.php?rest_route=%2Fwp%2Fv2%2Ftags&post=10335"}],"curies":[{"name":"wp","href":"https:\/\/api.w.org\/{rel}","templated":true}]}}