{"id":9507,"date":"2021-06-15T12:09:05","date_gmt":"2021-06-15T10:09:05","guid":{"rendered":"http:\/\/www.comicleser.de\/?p=9507"},"modified":"2021-06-15T12:11:13","modified_gmt":"2021-06-15T10:11:13","slug":"prinz-eisenherz-band-25-2019-2020-bocola","status":"publish","type":"post","link":"http:\/\/www.comicleser.de\/?p=9507","title":{"rendered":"Prinz Eisenherz, Band 25: 2019\/2020 (Bocola)"},"content":{"rendered":"\n<div class=\"wp-block-image\"><figure class=\"alignleft size-large\"><img loading=\"lazy\" decoding=\"async\" width=\"281\" height=\"400\" src=\"http:\/\/www.comicleser.de\/wp-content\/uploads\/2021\/06\/Prinz-Eisenherz-25_WEB.jpg\" alt=\"\" class=\"wp-image-9508\" srcset=\"http:\/\/www.comicleser.de\/wp-content\/uploads\/2021\/06\/Prinz-Eisenherz-25_WEB.jpg 281w, http:\/\/www.comicleser.de\/wp-content\/uploads\/2021\/06\/Prinz-Eisenherz-25_WEB-211x300.jpg 211w\" sizes=\"auto, (max-width: 281px) 100vw, 281px\" \/><\/figure><\/div>\n\n\n\n<p>K\u00f6nigin Makeda von Ab\u2019Saba weilt zu einem Staatsbesuch auf den Nebelinseln. Der wahre Grund ihrer Visite ist jedoch privater Natur: sie will das Exil ihres Geliebten Bukota aufheben. Gleichzeitig bedr\u00e4ngen sie m\u00e4chtige Adelsfamilien, die versuchen die K\u00f6nigin und damit die Macht zu kontrollieren. Der Heiler Fewesi entpuppt sich dabei als besonders \u201eehrgeizig\u201c, richtet unter der Gesandtschaft Ab\u2019Sabas ein Massaker an und entf\u00fchrt die K\u00f6nigin kurzerhand nach <a href=\"http:\/\/www.comicleser.de\/?p=7892\" data-type=\"post\" data-id=\"7892\" target=\"_blank\" rel=\"noreferrer noopener\">\u00c4gypten<\/a>, hartn\u00e4ckig verfolgt von Bukota und Eisenherz. Nach dieser W\u00fcstenepisode und zur\u00fcck auf den Nebelinseln beschlie\u00dfen <a href=\"http:\/\/www.comicleser.de\/?p=6188\" data-type=\"post\" data-id=\"6188\" target=\"_blank\" rel=\"noreferrer noopener\">Eisenherz und Aleta<\/a>, dass es an der Zeit ist, gemeinsam mit Sohn Nathan nach Camelot zur\u00fcckzukehren. Doch schon gleich nach der langen \u00dcberfahrt nach <a href=\"http:\/\/www.comicleser.de\/?p=8789\" data-type=\"post\" data-id=\"8789\" target=\"_blank\" rel=\"noreferrer noopener\">Britannien<\/a> mischen sie sich in eine heikle Dorfangelegenheit ein: Der \u00f6rtliche Baron ist unter ungekl\u00e4rten Umst\u00e4nden zu Tode gekommen. Angeblich sollen zwei Frauen, die ohnehin als Au\u00dfenseiterinnen, als Hexen im Dorf geschm\u00e4ht werden, am Tod des Adeligen Schuld tragen. Nach einem weiteren Todesfall droht die Situation endg\u00fcltig zu eskalieren\u2026<\/p>\n\n\n\n<p>Der neue Eisenherz-Band <a rel=\"noreferrer noopener\" href=\"http:\/\/www.comicleser.de\/?cat=8\" data-type=\"URL\" data-id=\"http:\/\/www.comicleser.de\/?cat=8\" target=\"_blank\">aus dem Hause Bocola<\/a> enth\u00e4lt die Jahrg\u00e4nge 2019 und 2020, was gleichzeitig bedeutet, dass der Verlag nun in puncto Aktualit\u00e4t der Dauerserie auf dem neuesten Stand ist (die letzte Seite 4377 datiert vom 27.12.2020). Im Wesentlichen beinhalten die beiden Jahrg\u00e4nge nach der epischen und ereignisreichen Asien-Reise zwei vergleichsweise kurze Erz\u00e4hlungen, in die jeweils <a rel=\"noreferrer noopener\" href=\"http:\/\/www.comicleser.de\/?p=2067\" data-type=\"post\" data-id=\"2067\" target=\"_blank\">Prinz Eisenherz<\/a> und Teile seiner Familie involviert sind und in denen \u2013 wie es das Vorwort treffend bemerkt \u2013 jeweils starke Frauen eine Hauptrolle spielen. Zuerst f\u00fchrt die ritterliche Pflicht den Prinzen nach Nordafrika, wo er gemeinsam mit Bukota dessen Geliebte, die junge K\u00f6nigin Makeda aus den Klauen des Zauberers Fewesi befreit. Eines der Highlights \u2013 auch visuell \u2013 dieser recht gradlinig erz\u00e4hlten Episode ist der verzweifelte Kampf des Prinzen mit dem L\u00f6wenrudel. Dann, in Britannien angekommen, werden Eisenherz, Aleta und Nathan in eine Fehde verwickelt. Wie in einem Krimi ermitteln der Prinz und seine Frau, sondieren Verd\u00e4chtige und untersuchen Spuren. Wobei Eile geboten ist, denn die Stimmung im Dorf wird immer aggressiver. Hier gesellt sich auch mit Ritter Gawain ein alter Bekannter dazu. Charmant wie eh und je.<\/p>\n\n\n\n<p>Schon lange spielen diverse Familienmitglieder wichtige (Neben-) Rollen in den Episoden. Nat\u00fcrlich zuvorderst Aleta, die einmal mehr ihre magischen F\u00e4higkeiten einsetzt, indem ihre Raben beispielsweise zum Fortlauf der Geschichte beitragen, als sie in \u00c4gypten Eisenherz einen Fetzen Stoff bringen, um ihm den Weg zu weisen. Vanni, der Schwiegersohn des Prinzen, ist bewandt in Pflanzenheilkunde, ein Wissen, das in der \u00c4gypten-Episode sogar wirtschaftlich gewinnbringend zum Tragen kommt. Und Nathan, der j\u00fcngste Sohn, der einst von <a href=\"http:\/\/www.comicleser.de\/?p=3392\" data-type=\"post\" data-id=\"3392\" target=\"_blank\" rel=\"noreferrer noopener\">Kaiser Justinian<\/a> entf\u00fchrt wurde, beweist nicht nur sein Zeichentalent und seine Beobachtungsgabe, er zeigt auch bereits einen gefestigten Charakter. Auch andere Nebenfiguren werden nicht vergessen, seien es alte Recken wie eben Gawain oder Gundar Harl oder neue Charaktere, die auch nach \u201eihren\u201c Episoden weiter kleine Rollen spielen, wie der gel\u00e4uterte Ab\u2019Sabaner Ambelu, der Eisenherz nach Camelot begleitet und dort eine passende Aufgabe findet.<\/p>\n\n\n\n<p>Zeichner Thomas Yeates, der die \u201eSage vom Singenden Schwert\u201c im April 2012 von <a href=\"http:\/\/www.comicleser.de\/?p=9478\" data-type=\"post\" data-id=\"9478\" target=\"_blank\" rel=\"noreferrer noopener\">Gary Gianni<\/a> \u00fcbernahm und der zuvor bereits ikonische Figuren wie <a href=\"http:\/\/www.comicleser.de\/?p=1235\" data-type=\"post\" data-id=\"1235\" target=\"_blank\" rel=\"noreferrer noopener\">Tarzan<\/a> oder Zorro in Szene setzte, inszeniert den Klassiker in einem kr\u00e4ftigen Strich mit abwechslungsreichen Perspektiven in immer wieder gro\u00dfz\u00fcgig gestalteten Panels. Dabei sorgen die fein abgestuften, nicht minder kr\u00e4ftigen Farben f\u00fcr eine bunte, mittelalterliche Welt und in den Nachtszenen oder im Schneegest\u00f6ber f\u00fcr atmosph\u00e4rische Dichte. Yeates und Autor Mark Schultz, seit 2004 an Bord, bleiben dem angenehm altmodischen Erz\u00e4hl-Stil und damit der Serien-Tradition treu, die <a href=\"http:\/\/www.comicleser.de\/?p=636\" data-type=\"post\" data-id=\"636\" target=\"_blank\" rel=\"noreferrer noopener\">Hal Foster<\/a> begr\u00fcndet hat und die dessen Nachfolger <a href=\"http:\/\/www.comicleser.de\/?p=3392\" data-type=\"post\" data-id=\"3392\" target=\"_blank\" rel=\"noreferrer noopener\">John Cullen Murphy<\/a> fortsetzte. Kurze Geschichten wechseln sich mit langen Storyb\u00f6gen ab. Man l\u00e4sst sich Zeit und gestattet, dass die Haupthandlung immer wieder von kleineren Episoden durchzogen wird, die sich nicht selten sp\u00e4ter als wichtig erweisen (wie bei dem Kaufmann in \u00c4gypten). Neben Fantasy-Elementen, inzwischen fester Bestandteil, wird auch der schelmische Humor nicht vergessen, gerne auch in Form s\u00fcffisanter Anmerkungen, etwa wenn es um den Austausch von Z\u00e4rtlichkeiten geht. Gut zwei Jahre wird es jetzt bis zum n\u00e4chsten Band wieder dauern. (bw)<\/p>\n\n\n\n<p><a href=\"https:\/\/www.bocola.de\/eisenherz-aktuell.html\" data-type=\"URL\" data-id=\"https:\/\/www.bocola.de\/eisenherz-aktuell.html\" target=\"_blank\" rel=\"noreferrer noopener\">Prinz Eisenherz, Band 25: Jahrgang 2019\/2020<\/a><br>Text: Mark Schultz<br>Bilder: Thomas Yeates<br>112 Seiten in Farbe, Hardcover<br>Bocola Verlag<br>24,90 Euro<\/p>\n\n\n\n<p>ISBN: 978-3-946842-55-2<\/p>\n<div class=\"wp_twitter_button\" style=\"float: right; margin-left: 10px;\">\n\t\t\t\t<a href=\"http:\/\/twitter.com\/share?counturl=http%3A%2F%2Fwww.comicleser.de%2F%3Fp%3D9507\" class=\"twitter-share-button\" data-url=\"http:\/\/www.comicleser.de\/?p=9507\" data-count=\"none\" data-via=\"comicleser\" data-lang=\"de\" data-text=\"Prinz Eisenherz, Band 25: 2019\/2020 (Bocola) &raquo; Comicleser #2019\/2020 #Bocola #Gesamtausgabe  [...]\">Tweet<\/a>\n\t\t\t<\/div>","protected":false},"excerpt":{"rendered":"<p>K\u00f6nigin Makeda von Ab\u2019Saba weilt zu einem Staatsbesuch auf den Nebelinseln. Der wahre Grund ihrer Visite ist jedoch privater Natur: sie will das Exil ihres Geliebten Bukota aufheben. Gleichzeitig bedr\u00e4ngen sie m\u00e4chtige Adelsfamilien, die versuchen die K\u00f6nigin und damit die Macht zu kontrollieren. Der Heiler Fewesi entpuppt sich dabei als besonders \u201eehrgeizig\u201c, richtet unter der [&hellip;]<\/p>\n","protected":false},"author":1,"featured_media":0,"comment_status":"closed","ping_status":"open","sticky":false,"template":"","format":"standard","meta":{"footnotes":""},"categories":[8],"tags":[4395,1489,23,40,41,24,3036,39,4394],"class_list":["post-9507","post","type-post","status-publish","format-standard","hentry","category-bocola","tag-2019-2020","tag-bocola","tag-gesamtausgabe","tag-hal-foster","tag-john-cullen-murphy","tag-klassiker","tag-mark-schultz","tag-prinz-eisenherz","tag-thomas-yeates"],"_links":{"self":[{"href":"http:\/\/www.comicleser.de\/index.php?rest_route=\/wp\/v2\/posts\/9507","targetHints":{"allow":["GET"]}}],"collection":[{"href":"http:\/\/www.comicleser.de\/index.php?rest_route=\/wp\/v2\/posts"}],"about":[{"href":"http:\/\/www.comicleser.de\/index.php?rest_route=\/wp\/v2\/types\/post"}],"author":[{"embeddable":true,"href":"http:\/\/www.comicleser.de\/index.php?rest_route=\/wp\/v2\/users\/1"}],"replies":[{"embeddable":true,"href":"http:\/\/www.comicleser.de\/index.php?rest_route=%2Fwp%2Fv2%2Fcomments&post=9507"}],"version-history":[{"count":3,"href":"http:\/\/www.comicleser.de\/index.php?rest_route=\/wp\/v2\/posts\/9507\/revisions"}],"predecessor-version":[{"id":9511,"href":"http:\/\/www.comicleser.de\/index.php?rest_route=\/wp\/v2\/posts\/9507\/revisions\/9511"}],"wp:attachment":[{"href":"http:\/\/www.comicleser.de\/index.php?rest_route=%2Fwp%2Fv2%2Fmedia&parent=9507"}],"wp:term":[{"taxonomy":"category","embeddable":true,"href":"http:\/\/www.comicleser.de\/index.php?rest_route=%2Fwp%2Fv2%2Fcategories&post=9507"},{"taxonomy":"post_tag","embeddable":true,"href":"http:\/\/www.comicleser.de\/index.php?rest_route=%2Fwp%2Fv2%2Ftags&post=9507"}],"curies":[{"name":"wp","href":"https:\/\/api.w.org\/{rel}","templated":true}]}}