{"id":8442,"date":"2020-03-04T15:05:07","date_gmt":"2020-03-04T13:05:07","guid":{"rendered":"http:\/\/www.comicleser.de\/?p=8442"},"modified":"2020-03-04T15:09:08","modified_gmt":"2020-03-04T13:09:08","slug":"der-mann-von-der-ciguri-splitter","status":"publish","type":"post","link":"http:\/\/www.comicleser.de\/?p=8442","title":{"rendered":"Der Mann von der Ciguri (Splitter)"},"content":{"rendered":"\n<div class=\"wp-block-image\"><figure class=\"alignright size-large\"><img loading=\"lazy\" decoding=\"async\" width=\"288\" height=\"400\" src=\"http:\/\/www.comicleser.de\/wp-content\/uploads\/2020\/03\/Der-Mann-von-der-Ciguri_WEB.jpg\" alt=\"Der Mann von der Ciguri (Splitter Verlag)\" class=\"wp-image-8443\" srcset=\"http:\/\/www.comicleser.de\/wp-content\/uploads\/2020\/03\/Der-Mann-von-der-Ciguri_WEB.jpg 288w, http:\/\/www.comicleser.de\/wp-content\/uploads\/2020\/03\/Der-Mann-von-der-Ciguri_WEB-216x300.jpg 216w\" sizes=\"auto, (max-width: 288px) 100vw, 288px\" \/><\/figure><\/div>\n\n\n\n<p>Vielleicht Paris, vielleicht auch eine \u00e4hnliche Stadt. Auf jeden Fall irgendwo, irgendwann und v.a. irgendwie taucht Major Gruber (dessen Name inzwischen ein \u201et\u201c eingeb\u00fc\u00dft hat) aus einer Metro-Station auf. In der ihm fremden Umgebung st\u00f6\u00dft er in einem Buchantiquariat auf einen W\u00e4lzer, der sich schlicht \u201eZusammenfassung\u201c nennt, von einem Autor namens John Sch\u00fctze, erschienen in dem \u201eVerlag der Garage\u201c. Ein Buch, durch das sich der Major Hinweise erhofft auf \u2013 was auch immer. Der Foliant erweist sich als Comic und zu Grubers \u00dcberraschung schildert Sch\u00fctze dort genau die Geschehnisse, die gerade jetzt parallel auf dem Asteroiden, der ja bekanntlich drei Ebenen hat, passieren. Hier springt die \u201eHandlung\u201c auf das Buch \u00fcber und wir erleben die Jagd auf den Major, ausgehend von Pr\u00e4sident\/Majest\u00e4t\/Kaiser Sper Gossi und dem anonymen Hexer Tar\u2019Hai. Derweil macht man sich auf dem Raumschiff Ciguri, das den Asteroiden umkreist, ernste Sorgen, da der Major spurlos verschwunden ist\u2026<\/p>\n\n\n\n<p>\u201eAlles klar? Keiner hat\u2019s kapiert.\u201c Dieser oft wiederkehrende Spruch samt anschlie\u00dfender Erkenntnis meines alten Mathe-Lehrers trifft auch genau auf dieses Werk des gro\u00dfen Moebius zu. Mit einem eklatanten Unterschied: Mathe ist logisch, ob man\u2019s kapiert oder nicht. Im Gegensatz zu den Abenteuern des Majors. Logisch sollen, ja d\u00fcrfen sie auch nicht sein. Wie schon in seiner \u201eHermetischen Garage des Jerry Cornelius\u201c reiht sich Episode an Episode, wobei an eine stringente Handlung nicht zu denken ist. Moebius nimmt den Leser dabei gerne auf die Schippe oder f\u00fchrt ihn mit Leichtigkeit auf einen Holzweg. Kaum will das Gehirn das Erz\u00e4hlte logisch zusammensetzen, wird mit oft nur einem Satz dem formbaren Gedanken der Garaus gemacht \u2013 irgendwas mit Zufallswelten, Portalen, Ebenen und interdimensionalen Schwei\u00dfn\u00e4hten geht immer. Folglich tauchen Figuren auf, verschwinden wieder oder treten unvermittelt ins Rampenlicht. Charaktere haben variierende und kuriose Namen und reden unverst\u00e4ndliches Zeug. Kurz: Moebius, der als Jean Giraud gemeinsam mit <a href=\"http:\/\/www.comicleser.de\/?p=2421\" target=\"_blank\" rel=\"noreferrer noopener\" aria-label=\"Jean-Michel Charlier (\u00f6ffnet in neuem Tab)\">Jean-Michel Charlier<\/a> bekannterweise auch ein <a href=\"http:\/\/www.comicleser.de\/?p=267\" target=\"_blank\" rel=\"noreferrer noopener\" aria-label=\"traditionelles (\u00f6ffnet in neuem Tab)\">traditionelles<\/a> franko-belgisches Western-Monument schuf, mit Zyklen \u00fcber etliche Alben hinweg, schert sich nicht um Erz\u00e4hlstrukturen, st\u00f6\u00dft nach zwei Seiten alles um und spielt dabei mit fantastischen Realit\u00e4ten.<\/p>\n\n\n\n<p>Ist das denn gut? Zumindest anders, und im Vergleich zu dem Vorg\u00e4nger \u2013 ebenjener \u201eHermetischen Garage\u201c, die im Original ab 1976 erschien (und im Volksverlag 1983 auf Deutsch als Album, damals nicht hermetisch, sondern luftdicht) \u2013 doch noch durchgehender, oder zumindest deutbarer. Die Episoden des Mannes von der Ciguri entstanden \u00fcber vier Jahre, sind durchgehend farbig und bestechen in ihrer Darstellung. Klare Linien, oft gewaltige, abstrakte Panels mit irrealen Konstrukten und wunderbare fl\u00e4chige Farben zeugen von einer grenzenlosen Fantasie, die \u2013 wie es scheint \u2013 Moebius immer wieder einfangen musste, ehe der Major ihn wild zur n\u00e4chsten Episode weiter trieb. Und gegen Ende hat auch Jerry Cornelius, eine von Autor Michael Moorcock entlehnte Figur (samt Pickelhaube) noch einen Auftritt. Das Album erschien zuletzt bei <a rel=\"noreferrer noopener\" aria-label=\"Cross Cult (\u00f6ffnet in neuem Tab)\" href=\"http:\/\/www.comicleser.de\/?cat=17\" target=\"_blank\">Cross Cult<\/a> und davor erstmals 1996 bei Feest. Moebius&#8216; letztes Werk, in dem er sich mit Arzak einer weiteren ikonischen Figur seines Universums widmete, ver\u00f6ffentlichte Ehapa 2012, dem Jahr seines Todes. Aktuell erscheint auch dort eine neue Blueberry Gesamtausgabe. Und ich gestehe freim\u00fctig: Trotz des Majors von Moebius schlug ich mich stets lieber auf die Seite von Jean Giraud und seinem Leutnant. (bw)<\/p>\n\n\n\n<p><a href=\"https:\/\/www.splitter-verlag.de\/mann-von-der-ciguri.html\" target=\"_blank\" rel=\"noreferrer noopener\" aria-label=\"Der Mann von der Ciguri (\u00f6ffnet in neuem Tab)\">Der Mann von der Ciguri<\/a> <br>Text &amp; Bilder: Moebius <br>56 Seiten in Farbe, Hardcover<br>Splitter Verlag <br>16 Euro<\/p>\n\n\n\n<p>ISBN: 978-3-96219-170-2<\/p>\n<div class=\"wp_twitter_button\" style=\"float: right; margin-left: 10px;\">\n\t\t\t\t<a href=\"http:\/\/twitter.com\/share?counturl=http%3A%2F%2Fwww.comicleser.de%2F%3Fp%3D8442\" class=\"twitter-share-button\" data-url=\"http:\/\/www.comicleser.de\/?p=8442\" data-count=\"none\" data-via=\"comicleser\" data-lang=\"de\" data-text=\"Der Mann von der Ciguri (Splitter) &raquo; Comicleser #Blueberry #Der Mann von der Ciguri #Die Her [...]\">Tweet<\/a>\n\t\t\t<\/div>","protected":false},"excerpt":{"rendered":"<p>Vielleicht Paris, vielleicht auch eine \u00e4hnliche Stadt. Auf jeden Fall irgendwo, irgendwann und v.a. irgendwie taucht Major Gruber (dessen Name inzwischen ein \u201et\u201c eingeb\u00fc\u00dft hat) aus einer Metro-Station auf. In der ihm fremden Umgebung st\u00f6\u00dft er in einem Buchantiquariat auf einen W\u00e4lzer, der sich schlicht \u201eZusammenfassung\u201c nennt, von einem Autor namens John Sch\u00fctze, erschienen in [&hellip;]<\/p>\n","protected":false},"author":1,"featured_media":0,"comment_status":"closed","ping_status":"open","sticky":false,"template":"","format":"standard","meta":{"footnotes":""},"categories":[7],"tags":[170,3942,3941,25,630,3940,24,3943,3944,317,1488],"class_list":["post-8442","post","type-post","status-publish","format-standard","hentry","category-splitter","tag-blueberry","tag-der-mann-von-der-ciguri","tag-die-hermetische-garage","tag-einzelband","tag-jean-giraud","tag-jerry-cornelius","tag-klassiker","tag-major-grubert","tag-moebius","tag-science-fiction","tag-splitter"],"_links":{"self":[{"href":"http:\/\/www.comicleser.de\/index.php?rest_route=\/wp\/v2\/posts\/8442","targetHints":{"allow":["GET"]}}],"collection":[{"href":"http:\/\/www.comicleser.de\/index.php?rest_route=\/wp\/v2\/posts"}],"about":[{"href":"http:\/\/www.comicleser.de\/index.php?rest_route=\/wp\/v2\/types\/post"}],"author":[{"embeddable":true,"href":"http:\/\/www.comicleser.de\/index.php?rest_route=\/wp\/v2\/users\/1"}],"replies":[{"embeddable":true,"href":"http:\/\/www.comicleser.de\/index.php?rest_route=%2Fwp%2Fv2%2Fcomments&post=8442"}],"version-history":[{"count":3,"href":"http:\/\/www.comicleser.de\/index.php?rest_route=\/wp\/v2\/posts\/8442\/revisions"}],"predecessor-version":[{"id":8446,"href":"http:\/\/www.comicleser.de\/index.php?rest_route=\/wp\/v2\/posts\/8442\/revisions\/8446"}],"wp:attachment":[{"href":"http:\/\/www.comicleser.de\/index.php?rest_route=%2Fwp%2Fv2%2Fmedia&parent=8442"}],"wp:term":[{"taxonomy":"category","embeddable":true,"href":"http:\/\/www.comicleser.de\/index.php?rest_route=%2Fwp%2Fv2%2Fcategories&post=8442"},{"taxonomy":"post_tag","embeddable":true,"href":"http:\/\/www.comicleser.de\/index.php?rest_route=%2Fwp%2Fv2%2Ftags&post=8442"}],"curies":[{"name":"wp","href":"https:\/\/api.w.org\/{rel}","templated":true}]}}