{"id":8071,"date":"2019-08-28T14:29:48","date_gmt":"2019-08-28T12:29:48","guid":{"rendered":"http:\/\/www.comicleser.de\/?p=8071"},"modified":"2019-09-05T12:25:17","modified_gmt":"2019-09-05T10:25:17","slug":"africa-dreams-splitter","status":"publish","type":"post","link":"http:\/\/www.comicleser.de\/?p=8071","title":{"rendered":"Africa Dreams (Splitter)"},"content":{"rendered":"\n<div class=\"wp-block-image\"><figure class=\"alignright\"><img loading=\"lazy\" decoding=\"async\" width=\"288\" height=\"400\" src=\"http:\/\/www.comicleser.de\/wp-content\/uploads\/2019\/08\/Africa-Dreams.jpg\" alt=\"Africa Dreams (Splitter Verlag)\" class=\"wp-image-8072\" srcset=\"http:\/\/www.comicleser.de\/wp-content\/uploads\/2019\/08\/Africa-Dreams.jpg 288w, http:\/\/www.comicleser.de\/wp-content\/uploads\/2019\/08\/Africa-Dreams-216x300.jpg 216w\" sizes=\"auto, (max-width: 288px) 100vw, 288px\" \/><\/figure><\/div>\n\n\n\n<p>Eines vorweg: Obwohl der Titel des Bandes eine Verwandtschaft oder wenigstens eine thematische Verbundenheit mit den beiden <a rel=\"noreferrer noopener\" aria-label=\"\u201eIndia Dreams\u201c (\u00f6ffnet in neuem Tab)\" href=\"https:\/\/www.comicleser.de\/?tag=india-dreams\" target=\"_blank\">\u201eIndia Dreams\u201c<\/a> Zyklen von Maryse und Jean-Fran\u00e7ois Charles suggerieren mag, k\u00f6nnen die B\u00e4nde inhaltlich nicht weiter auseinander liegen. Waren die Indien Epen gepr\u00e4gt von fern\u00f6stlicher Mystik und Exotik, von Romantik und Dramen in pr\u00e4chtigem Ambiente, k\u00f6nnte man diesen Band genauso gut Africa Nightmares nennen. Denn sein zentrales, dokumentarisch aufgearbeitetes Thema sind die extremen Gr\u00e4uel, die im <a href=\"http:\/\/www.comicleser.de\/?p=1094\" target=\"_blank\" rel=\"noreferrer noopener\" aria-label=\"Kongo von den belgischen Kolonialherren (\u00f6ffnet in neuem Tab)\">Kongo von den belgischen Kolonialherren<\/a> und deren Schergen zwischen 1885 und 1908 unter Duldung von K\u00f6nig Leopold II. begangen wurden.  <\/p>\n\n\n\n<p>Ende des 19. Jahrhunderts reist der junge Paul Delisle, ein angehender Missionar, in den Kongo. Dort sucht er seinen Vater auf dessen Plantage auf. Der <a href=\"http:\/\/www.comicleser.de\/?p=4404\" target=\"_blank\" rel=\"noreferrer noopener\" aria-label=\"verlie\u00df die Familie vor Jahren (\u00f6ffnet in neuem Tab)\">verlie\u00df die Familie vor Jahren<\/a>, gr\u00fcndete im Kongo eine neue und ist dort, wie auch schon in der Heimat in Br\u00fcgge, als unberechenbares Raubein ber\u00fcchtigt. Auch Paul begegnet ihm und seiner \u201eStieffamilie\u201c zuerst \u00fcberaus skeptisch, erkennt aber bald, dass sein Vater unter der rauen Schale ein gesundes, durchaus modernes und humanes Weltbild hat, besonders hinsichtlich des kolonialen Habitus der Wei\u00dfen. Und schon bald lernt Paul die Untaten kennen, die in der riesigen Kolonie, die siebzig mal gr\u00f6\u00dfer als das \u201eMutterland\u201c ist, geschehen. Auch seine Missionsbr\u00fcder spielen dabei unverhohlen mit, was Paul zusehends entsetzt und er schlie\u00dflich seine Soutane ablegt und auf der Farm seines Vaters eine leitende Stellung einnimmt. Denn inzwischen kamen sich Vater und Sohn n\u00e4her und sch\u00e4tzen sich gegenseitig.<\/p>\n\n\n\n<p>Der sogenannte \u201eFreistaat Kongo\u201c war das Privateigentum des belgischen K\u00f6nigs Leopold II, der seinen Kolonialbesitz \u00fcbrigens nie betrat. Obwohl sehr verm\u00f6gend, ben\u00f6tigte der K\u00f6nig viel Geld, um seine zahlreichen Bauvorhaben und Modernisierungen in Belgien zu realisieren. Dazu begann er, seine <a href=\"http:\/\/www.comicleser.de\/?p=6665\" target=\"_blank\" rel=\"noreferrer noopener\" aria-label=\"Kolonie (\u00f6ffnet in neuem Tab)\">Kolonie<\/a> systematisch und grausam auszubeuten. Mit einem kolonialen Kapitalismus der schlimmsten Art. Elfenbein und Kautschuk wurde exportiert. Die Eingeborenen wurden als \u201eFreiwillige in Ketten\u201c dazu zwangsrekrutiert und bauten unter unmenschlichen Bedingungen Eisenbahnlinien und Pisten, um das Land logistisch f\u00fcr ihre Herren zu erschlie\u00dfen. Uralte Stammesstrukturen wurden dabei zerst\u00f6rt, ganze Landstriche entv\u00f6lkert. Kindern hackte man die H\u00e4nde ab, als Beweis f\u00fcr den Verbrauch von Patronen (\u201eF\u00fcr jede Kugel eine rechte Hand\u201c). Komplette D\u00f6rfer wurden ausradiert, die Frauen als Druckmittel f\u00fcr die M\u00e4nner verschleppt und vergewaltigt. Das ganze Land blutete aus, im wahrsten Sinne. Man spricht heute von \u00fcber 10 Millionen Toten.<\/p>\n\n\n\n<p>Die Handlung wechselt zwischen der fiktiven Farmerfamilie Delisle und realen Personen, die reale Historie schrieben: Zuerst kann K\u00f6nig Leopold den ber\u00fchmten Afrika-Forscher Henry Morton Stanley (\u201eDoctor Livingstone, I presume?\u201c) f\u00fcr seine Zwecke einbinden. Stanley schlie\u00dft f\u00fcr den K\u00f6nig im Kongo zwielichtige Landvertr\u00e4ge ab, bis schlie\u00dflich die Grenzen der Kolonie mehr oder minder willk\u00fcrlich festgelegt werden. Als im Laufe der Jahre die Kongogr\u00e4uel immer wieder und immer mehr publik werden, versteht es der K\u00f6nig mit raffinierten politischen und finanziellen Winkelz\u00fcgen (Geld und gute Jobs f\u00fcr die Kritiker \u2013 heute nennt man das Lobbyarbeit) immer wieder die Wogen zu gl\u00e4tten und die Untaten aus dem \u00f6ffentlichen Fokus zu nehmen. Dagegen wehren sich Aktivisten, wie der Reverend William Sheppard, der Reederei-Mitarbeiter Edmund Morel oder der Diplomat Roger Casement (auch Mark Twain geh\u00f6rt zu der Gruppe), die v.a. mittels Fotografien die \u00d6ffentlichkeit mit den Kongogr\u00e4ueln konfrontieren, bis der Druck schlie\u00dflich zu gro\u00df wird und Leopold \u201eseine\u201c Kolonie offiziell an das Land Belgien verkauft.<\/p>\n\n\n\n<p>Am Ende des Bandes konzentriert sich die Handlung auf die Schilderung der geschichtlichen Ereignisse (erste offizielle Untersuchungen der Gr\u00e4uel aufgrund der erfolgreichen Bem\u00fchungen der o.g. Aktivisten). Paul, der inzwischen selbst mit einer Kongolesin eine Familie gegr\u00fcndet hat und mit seinem Vater erfolgreich die Farm f\u00fchrt, tritt immer mehr in den Hintergrund. Was schade ist. Aber auch wenn wir gerne mehr \u00fcber das Leben der Familien Delisle und deren f\u00fcr die damalige Zeit unkonventionellen und humanistischen Ansichten erfahren h\u00e4tten, h\u00e4tte genau das das koloniale Leben im Kongo wieder idealisiert oder romantisiert und damit die Gr\u00e4uel wom\u00f6glich verschleiert und kaschiert. Genau wie es K\u00f6nig Leopold stets praktizierte. Die Zeichnungen des Bandes \u00fcbernimmt diesmal der hierzulande noch unbekannte Fr\u00e9d\u00e9ric Bihel. Das Ehepaar Charles beschr\u00e4nkt sich auf die Story. Bihels Strich \u00e4hnelt in seinem Aquarellstil dem von Jean-Fran\u00e7ois Charles, ohne diesen jedoch zu kopieren. Sein Stil bringt eine gewisse N\u00fcchternheit und Sachlichkeit mit, was zur schrecklichen Thematik passt. Denn obwohl immer wieder gro\u00dfe Landschaftspanels den Menschen klein erscheinen lassen, ist angesichts dieses dunklen geschichtlichen Kapitels kein Platz f\u00fcr bunte Farben. (bw)<\/p>\n\n\n\n<p><a href=\"https:\/\/www.splitter-verlag.de\/africa-dreams.html\" target=\"_blank\" rel=\"noreferrer noopener\" aria-label=\"Africa Dreams (\u00f6ffnet in neuem Tab)\">Africa Dreams<\/a><br>Text: Maryse und Jean-Fran\u00e7ois Charles<br>Bilder: Fr\u00e9d\u00e9ric Bihel<br>200 Seiten in Farbe, Hardcover<br>Splitter Verlag <br>36 Euro<\/p>\n\n\n\n<p>ISBN:\n978-3-96219-190-0\n\n<\/p>\n<div class=\"wp_twitter_button\" style=\"float: right; margin-left: 10px;\">\n\t\t\t\t<a href=\"http:\/\/twitter.com\/share?counturl=http%3A%2F%2Fwww.comicleser.de%2F%3Fp%3D8071\" class=\"twitter-share-button\" data-url=\"http:\/\/www.comicleser.de\/?p=8071\" data-count=\"none\" data-via=\"comicleser\" data-lang=\"de\" data-text=\"Africa Dreams (Splitter) &raquo; Comicleser #Africa Dreams #Einzelband #Fr\u00e9d\u00e9ric Bihel #Gesamtau [...]\">Tweet<\/a>\n\t\t\t<\/div>","protected":false},"excerpt":{"rendered":"<p>Eines vorweg: Obwohl der Titel des Bandes eine Verwandtschaft oder wenigstens eine thematische Verbundenheit mit den beiden \u201eIndia Dreams\u201c Zyklen von Maryse und Jean-Fran\u00e7ois Charles suggerieren mag, k\u00f6nnen die B\u00e4nde inhaltlich nicht weiter auseinander liegen. Waren die Indien Epen gepr\u00e4gt von fern\u00f6stlicher Mystik und Exotik, von Romantik und Dramen in pr\u00e4chtigem Ambiente, k\u00f6nnte man diesen [&hellip;]<\/p>\n","protected":false},"author":1,"featured_media":0,"comment_status":"closed","ping_status":"open","sticky":false,"template":"","format":"standard","meta":{"footnotes":""},"categories":[7],"tags":[3772,25,3773,23,3437,3782,3436],"class_list":["post-8071","post","type-post","status-publish","format-standard","hentry","category-splitter","tag-africa-dreams","tag-einzelband","tag-frederic-bihel","tag-gesamtausgabe","tag-jean-francois-charles","tag-kongo","tag-maryse-charles"],"_links":{"self":[{"href":"http:\/\/www.comicleser.de\/index.php?rest_route=\/wp\/v2\/posts\/8071","targetHints":{"allow":["GET"]}}],"collection":[{"href":"http:\/\/www.comicleser.de\/index.php?rest_route=\/wp\/v2\/posts"}],"about":[{"href":"http:\/\/www.comicleser.de\/index.php?rest_route=\/wp\/v2\/types\/post"}],"author":[{"embeddable":true,"href":"http:\/\/www.comicleser.de\/index.php?rest_route=\/wp\/v2\/users\/1"}],"replies":[{"embeddable":true,"href":"http:\/\/www.comicleser.de\/index.php?rest_route=%2Fwp%2Fv2%2Fcomments&post=8071"}],"version-history":[{"count":6,"href":"http:\/\/www.comicleser.de\/index.php?rest_route=\/wp\/v2\/posts\/8071\/revisions"}],"predecessor-version":[{"id":8079,"href":"http:\/\/www.comicleser.de\/index.php?rest_route=\/wp\/v2\/posts\/8071\/revisions\/8079"}],"wp:attachment":[{"href":"http:\/\/www.comicleser.de\/index.php?rest_route=%2Fwp%2Fv2%2Fmedia&parent=8071"}],"wp:term":[{"taxonomy":"category","embeddable":true,"href":"http:\/\/www.comicleser.de\/index.php?rest_route=%2Fwp%2Fv2%2Fcategories&post=8071"},{"taxonomy":"post_tag","embeddable":true,"href":"http:\/\/www.comicleser.de\/index.php?rest_route=%2Fwp%2Fv2%2Ftags&post=8071"}],"curies":[{"name":"wp","href":"https:\/\/api.w.org\/{rel}","templated":true}]}}