{"id":6889,"date":"2018-06-14T12:10:19","date_gmt":"2018-06-14T10:10:19","guid":{"rendered":"http:\/\/www.comicleser.de\/?p=6889"},"modified":"2018-06-14T12:14:02","modified_gmt":"2018-06-14T10:14:02","slug":"american-gods-band-2-splitter","status":"publish","type":"post","link":"http:\/\/www.comicleser.de\/?p=6889","title":{"rendered":"American Gods, Band 2 (Splitter)"},"content":{"rendered":"<p><img loading=\"lazy\" decoding=\"async\" class=\"alignright size-full wp-image-6890\" src=\"http:\/\/www.comicleser.de\/wp-content\/uploads\/2018\/06\/American-Gods-2.jpg\" alt=\"\" width=\"284\" height=\"400\" srcset=\"http:\/\/www.comicleser.de\/wp-content\/uploads\/2018\/06\/American-Gods-2.jpg 284w, http:\/\/www.comicleser.de\/wp-content\/uploads\/2018\/06\/American-Gods-2-213x300.jpg 213w\" sizes=\"auto, (max-width: 284px) 100vw, 284px\" \/><\/p>\n<p>Shadow Moon, nun in Diensten des undurchsichtigen Mr. Wednesday, wohnt im \u201eHaus auf dem Fels\u201c der seltsamen Zusammenkunft bei, die sein Chef organisiert hatte und die mehr als d\u00fcrftig besucht ist, trotz der Unterhaltungsk\u00fcnste von Mr. Nancy. Als Shadow danach einige der G\u00e4ste nach Hause fahren soll, wird er von Unbekannten entf\u00fchrt, verh\u00f6rt und misshandelt. Ausgerechnet seine verstorbene und jetzt offenbar massiv untote Frau Laura befreit ihn und meuchelt seine Entf\u00fchrer. Auf ihr Gehei\u00df f\u00fchrt ihn sein Weg nun ohne Mr. Wednesday nach S\u00fcden, in die Stadt Cairo in Illinois, wo der Mississippi und der Ohio River sich vereinigen. In Cairo erwarten ihn die Bestattungs-Unternehmer Ibis &amp; Jacquel, die dort dieses Gewerbe seit Generation f\u00fchren. Shadow hilft den beiden bei ihrer t\u00e4glichen morbiden Arbeit und trifft schlie\u00dflich auch den sichtlich verlotterten Mad Sweeney wieder, der ihn um die Herausgabe der M\u00fcnze bittet, <a href=\"http:\/\/www.comicleser.de\/?p=6428\" target=\"_blank\" rel=\"noopener\">die er ihm in Band 1 gab<\/a>. Schlie\u00dflich taucht sein Chef Wednesday wieder auf und die Reise geht einem neuen Ziel entgegen\u2026<\/p>\n<p>Nun gut, das klingt jetzt inhaltlich nicht gerade spektakul\u00e4r, h\u00f6chstens befremdlich und irritierend, wobei die berechtigte Frage erlaubt ist: was soll das alles \u00fcberhaupt? Da kommt der Titel ins Spiel und die Tatsache, dass die Story sehr breit angelegt ist und die skurrilen Charaktere beim interessierten Leser diverse Recherchen via Google bez\u00fcglich des Who is Who ausl\u00f6sen (welche Person ist welcher Gott?). Bisher wissen wir: Shadow ger\u00e4t als Handlanger Wednesdays zwischen zwei Fantasy-Fronten. Zum einen sind da die \u201ealten G\u00f6tter\u201c, die durch Gl\u00e4ubige einst nach Amerika \u201etransferiert\u201c wurden. Sie alle haben durch den Verlust des Glaubens an sie zu knabbern und verdingen sich, nicht selten am Rand der Gesellschaft, oder zumindest im Verborgenen lebend, mit Normalo-Jobs (<a href=\"http:\/\/www.comicleser.de\/?p=3974\" target=\"_blank\" rel=\"noopener\">Fables<\/a>-Jargon, ja, aber auch hier passend). Auf der anderen Seite sind da die \u201eneuen G\u00f6tter\u201c und die sind schwer im Kommen. G\u00f6tter der Medien, G\u00f6tter der Technik, die angebetet und verehrt werden, von einer neuen Generation von Gl\u00e4ubigen. Die einen, die alten, stemmen sich verzweifelt oder bereits resignierend gegen das Vergessen, die anderen, die neuen, streben mit allen Mitteln nach Macht.<\/p>\n<p>Und zwischendrin Shadow, der \u2013 vielleicht noch immer traumatisiert <a href=\"http:\/\/www.comicleser.de\/?p=6428\" target=\"_blank\" rel=\"noopener\">durch den Tod seiner Frau<\/a> (und ihre \u201eWiederauferstehung\u201c) \u2013 wie ein Traumwandler die Handlung und die Schaupl\u00e4tze durchstreift. Der seltsam teilnahmslos und passiv die Episoden \u00fcber sich ergehen l\u00e4sst und sich so gar nicht an der Skurrilit\u00e4t des Geschehens (Sprechende Tiere, Traum und Realit\u00e4t vermengen sich immer wieder) zu sto\u00dfen scheint, was immer eine Aura des Unheimlichen \u00fcber den Band legt. Nat\u00fcrlich hat Shadow inzwischen verstanden, dass Wednesday Wotan, <a href=\"http:\/\/www.comicleser.de\/?p=6099\" target=\"_blank\" rel=\"noopener\">bzw. Odin<\/a> ist. Auch dass es sich bei Ibis &amp; Jacquel (Jacquel=Schakal) um <a href=\"http:\/\/www.comicleser.de\/?p=4851\" target=\"_blank\" rel=\"noopener\">alt\u00e4gyptische<\/a> G\u00f6tter handelt, die vor Jahrtausenden hier gestrandet sind (einen Austausch der Kulturen mit Amerika gab es demnach schon weit vor Kolumbus), weshalb ihr Ort auch hier Cairo hei\u00dft. Immer wieder wird Shadow von den neuen G\u00f6ttern kontaktiert und umworben, diesmal von der G\u00f6ttin der Medien, die ihm erneut einen Job anbietet und die in Gestalt von Lucille Ball (aus \u201eI love Lucy\u201c) ihn aus dem TV heraus kontaktiert. Was uns zur Frage des Sinns des Ganzen bringt. Der ist noch nicht ganz klar, freilich, alte G\u00f6tter k\u00e4mpfen oder wappnen sich gegen die neuen. Aber warum ausgerechnet Shadow? Und was hat Allvater Wednesday eigentlich vor?<\/p>\n<p>Mit Band 2 (von insgesamt 6) ist der erste Zyklus (\u201eSchatten\u201c) dieser faszinierenden aber noch zu ergr\u00fcndenden Adaption des Neil Gaiman Romans abgeschlossen (vgl. dazu auch die Amazon TV-Serie). Die abschlie\u00dfende Dreingabe beinhaltet Variant-Cover aus der Feder von <a href=\"http:\/\/www.comicleser.de\/?p=6764\" target=\"_blank\" rel=\"noopener\">Glenn Fabry<\/a> (der auch eine kurze Episode um einen New Yorker Taxifahrer beitr\u00e4gt, welcher eigentlich ein Ifrit, ein arabisches Geistwesen, also ein Djinn, ist) und von <a href=\"http:\/\/www.comicleser.de\/?p=4370\" target=\"_blank\" rel=\"noopener\">David Mack<\/a> (Kabuki, Daredevil). Dazu etliche Seitenentw\u00fcrfe von <a href=\"http:\/\/www.comicleser.de\/?p=1429\" target=\"_blank\" rel=\"noopener\">P. Craig Russell<\/a> und deren noch unkolorierte Umsetzung von Scott Hampton, Walt Simonson und anderen, was einen interessanten Einblick in die Arbeitsweise der K\u00fcnstler und damit in die Entstehung des Comics vermittelt. (bw)<\/p>\n<p><a href=\"https:\/\/www.splitter-verlag.de\/american-gods-bd-2.html\" target=\"_blank\" rel=\"noopener\">American Gods, Band 2: Schatten, Buch 2 von 2<\/a><br \/>\nText: Neil Gaiman, P. Craig Russell<br \/>\nBilder: Scott Hampton, P. Craig Russell, Glenn Fabry, Adam Brown, David Mack<br \/>\n152 Seiten in Farbe, Hardcover<br \/>\nSplitter Verlag<br \/>\n19,80 Euro<\/p>\n<p>ISBN: 978-3-96219-002-6<\/p>\n<div class=\"wp_twitter_button\" style=\"float: right; margin-left: 10px;\">\n\t\t\t\t<a href=\"http:\/\/twitter.com\/share?counturl=http%3A%2F%2Fwww.comicleser.de%2F%3Fp%3D6889\" class=\"twitter-share-button\" data-url=\"http:\/\/www.comicleser.de\/?p=6889\" data-count=\"none\" data-via=\"comicleser\" data-lang=\"de\" data-text=\"American Gods, Band 2 (Splitter) &raquo; Comicleser #Adam Brown #American Gods #Fantasy #Glenn Fab [...]\">Tweet<\/a>\n\t\t\t<\/div>\n","protected":false},"excerpt":{"rendered":"<p>Shadow Moon, nun in Diensten des undurchsichtigen Mr. Wednesday, wohnt im \u201eHaus auf dem Fels\u201c der seltsamen Zusammenkunft bei, die sein Chef organisiert hatte und die mehr als d\u00fcrftig besucht ist, trotz der Unterhaltungsk\u00fcnste von Mr. Nancy. Als Shadow danach einige der G\u00e4ste nach Hause fahren soll, wird er von Unbekannten entf\u00fchrt, verh\u00f6rt und misshandelt. [&hellip;]<\/p>\n","protected":false},"author":2,"featured_media":0,"comment_status":"closed","ping_status":"open","sticky":false,"template":"","format":"standard","meta":{"footnotes":""},"categories":[7],"tags":[3315,3152,147,3070,1002,565,426,3153,3154,1488],"class_list":["post-6889","post","type-post","status-publish","format-standard","hentry","category-splitter","tag-adam-brown","tag-american-gods","tag-fantasy","tag-glenn-fabry","tag-literatur-adaption","tag-neil-gaiman","tag-p-craig-russell","tag-schatten","tag-scott-hampton","tag-splitter"],"_links":{"self":[{"href":"http:\/\/www.comicleser.de\/index.php?rest_route=\/wp\/v2\/posts\/6889","targetHints":{"allow":["GET"]}}],"collection":[{"href":"http:\/\/www.comicleser.de\/index.php?rest_route=\/wp\/v2\/posts"}],"about":[{"href":"http:\/\/www.comicleser.de\/index.php?rest_route=\/wp\/v2\/types\/post"}],"author":[{"embeddable":true,"href":"http:\/\/www.comicleser.de\/index.php?rest_route=\/wp\/v2\/users\/2"}],"replies":[{"embeddable":true,"href":"http:\/\/www.comicleser.de\/index.php?rest_route=%2Fwp%2Fv2%2Fcomments&post=6889"}],"version-history":[{"count":3,"href":"http:\/\/www.comicleser.de\/index.php?rest_route=\/wp\/v2\/posts\/6889\/revisions"}],"predecessor-version":[{"id":6893,"href":"http:\/\/www.comicleser.de\/index.php?rest_route=\/wp\/v2\/posts\/6889\/revisions\/6893"}],"wp:attachment":[{"href":"http:\/\/www.comicleser.de\/index.php?rest_route=%2Fwp%2Fv2%2Fmedia&parent=6889"}],"wp:term":[{"taxonomy":"category","embeddable":true,"href":"http:\/\/www.comicleser.de\/index.php?rest_route=%2Fwp%2Fv2%2Fcategories&post=6889"},{"taxonomy":"post_tag","embeddable":true,"href":"http:\/\/www.comicleser.de\/index.php?rest_route=%2Fwp%2Fv2%2Ftags&post=6889"}],"curies":[{"name":"wp","href":"https:\/\/api.w.org\/{rel}","templated":true}]}}