{"id":6743,"date":"2018-04-30T11:59:15","date_gmt":"2018-04-30T09:59:15","guid":{"rendered":"http:\/\/www.comicleser.de\/?p=6743"},"modified":"2018-04-30T11:59:15","modified_gmt":"2018-04-30T09:59:15","slug":"der-tod-von-hawkman-panini","status":"publish","type":"post","link":"http:\/\/www.comicleser.de\/?p=6743","title":{"rendered":"Der Tod von Hawkman (Panini)"},"content":{"rendered":"<p><img loading=\"lazy\" decoding=\"async\" class=\"alignright size-full wp-image-6744\" src=\"http:\/\/www.comicleser.de\/wp-content\/uploads\/2018\/04\/Der-Tod-von-Hawkman.jpg\" alt=\"\" width=\"275\" height=\"400\" srcset=\"http:\/\/www.comicleser.de\/wp-content\/uploads\/2018\/04\/Der-Tod-von-Hawkman.jpg 275w, http:\/\/www.comicleser.de\/wp-content\/uploads\/2018\/04\/Der-Tod-von-Hawkman-206x300.jpg 206w\" sizes=\"auto, (max-width: 275px) 100vw, 275px\" \/><\/p>\n<p>Seltsam, verwunderlich \u2013 manchmal ist der Name eben doch Programm. Adam Strange hatte sich eigentlich ziemlich darauf gefreut, seinem doch eher dr\u00f6gen Erdleben als Arch\u00e4ologe zu entrinnen und per Zeta-Strahl (landl\u00e4ufig auch Teleporter genannt) wieder einmal auf seine Heimat Rann geholt zu werden. Immerhin muss er dort Fieslinge nicht nur auf der Playstation verhauen wie sein menschliches Alter Ego, sondern ist ein veritabler Held \u2013 zumal dort auch seine Angetraute Alanna auf ihn wartet, die schon einige Wochen nichts mehr von ihrem Holden geh\u00f6rt hat. Gro\u00df ist also die Entt\u00e4uschung, als der Strahl sich zwar per Signal ank\u00fcndigt, der gute Adam aber auf der Erde kleben bleibt. Verwirrt kontaktiert er seinen JLA-Kumpel Cyborg und lokalisiert mit dessen Hilfe den Strahl, der offenbar irgendjemand anders von der Erde in die Weiten des Alls transportiert hat. Als er es dann doch noch nach Rann schafft, erwartet ihn da eine b\u00f6se \u00dcberraschung: der Planet ist im Kriegszustand, die St\u00e4dte sind verw\u00fcstet.<\/p>\n<p>Das Wissenschafts-Zentrum, in dem sein Schwiegervater Sardath wirkt, wurde von Terroristen \u00fcberfallen \u2013 genauer gesagt von Killerkommandos aus Thanagar, dem lange verfeindeten Nachbarplaneten, mit dem ein br\u00fcchiger Frieden geschlossen wurde. Sardath kam dabei zu Tode, Adams Frau Alanna \u00fcberlebte knapp und fordert nun vehement einen Vergeltungsschlag. Die Volksseele kocht hoch und will Krieg \u2013 nur Adam Strange mahnt zur Besonnenheit, denn der Schemen, den er auf den Aufzeichnungskameras erblickt, scheint ihm so gar nicht thanagarisch. Um die Sache aufzukl\u00e4ren, macht er sich auf den Weg Richtung Nachbarwelt zu seinem Kampfgef\u00e4hrten Katar Hol, der dort in der Garde Dienst tut und samt Helm, Keule und Fl\u00fcgeln auf der Erde als Hawkman bekannt ist. Gemeinsam mit dem der Pr\u00fcgelei nicht abholden Flattermann geht Adam der Sache auf den Grund und muss feststellen, dass niemand anders als Despero, ein alter Feind der Liga, hinter der Sache steckt \u2013 w\u00e4hrend die Feindseligkeiten zwischen den Planeten immer weiter eskalieren und Hawkman, Adam Strange und auch das <a href=\"http:\/\/www.comicleser.de\/?p=4093\" target=\"_blank\" rel=\"noopener\">Green Lantern<\/a> Corps mitten ins Kreuzfeuer geraten\u2026<\/p>\n<p>Mit Adam Strange, Hawkman und Despero bringt <a href=\"http:\/\/www.comicleser.de\/?p=6339\" target=\"_blank\" rel=\"noopener\">Marc Andreyko<\/a> ein klassisches Dreigestirn aus der Feder von Vielschreiber Gardner Fox an den Start. Fox pr\u00e4gte ab 1940 mit der Justice Society of America den Golden Age-Prototypen der Superteams und hob neben dem ersten Flash Jay Garrick auch die Golden Age-Recken Adam Strange und Hawkman aus der Taufe (allesamt in einem wahren annus mirabilis 1940). In der Justice Society und sp\u00e4ter auch in der <a href=\"http:\/\/www.comicleser.de\/?p=2749\" target=\"_blank\" rel=\"noopener\">Justice League<\/a> durfte Hawkman \u2013 gest\u00e4hlt durch Fl\u00fcgel aus Nth-Metall &#8211; dann ordentlich mitmischen, wo man sich gleich in JLA-Ausgabe 1 1960 mit Despero herumschlagen durfte, einem h\u00fcnenhaften Tyrannen von Planeten Kalanor, mit dem es die JLA wiederholt zu tun bekam und der dank seines dritten Auges (sollte jeder haben) Telepathie und auch Realit\u00e4tsverzerrung beherrscht. Diese Zutaten r\u00fchrt Andreyko in ein Szenario zusammen, das zus\u00e4tzlich auf die Miniserie \u201eThe Rann\/Thanagar War\u201c von Dave Gibbons aus dem Jahr 2006 aufsetzt, in der es zum Krieg zwischen den Heimatwelten Stranges und Hols kommt, der dann 2008 in \u201eRann\/Thanagar: Holy War\u201c von <a href=\"http:\/\/www.comicleser.de\/?p=6697\" target=\"_blank\" rel=\"noopener\">Jim Starlin<\/a> (ohnehin Spezialist f\u00fcr kosmische Weiten und Erfinder der <a href=\"http:\/\/www.comicleser.de\/?p=2775\" target=\"_blank\" rel=\"noopener\">Infinity War<\/a>-Stories) nochmals aufflammte.<\/p>\n<p>Konfliktherde sind also ausreichend vorhanden, die Andreyko (u.a. Gotham City Sirens, Torso) zu einem klugen Kommentar auf Vorverurteilungen, Gewalt\/Gegengewalt, simplistische \u201eWahrheiten\u201c und die allzu leichte Verf\u00fchrbarkeit aufgehetzter Seelen nutzt &#8211; Erscheinungen, die ja die traurige Realit\u00e4t der Geopolitik in bedauerlichem Ausma\u00df kennzeichnen. Den besonderen Schmiss bekommt die Chose durch die Charakterisierung von Carter Hall, der nach der Zero Hour zu Katar Hol mutierte: nicht der ordentliche Gesetzesh\u00fcter ist er hier, der mit seiner Angetrauten Hawkgirl das F\u00e4hnlein der Gerechtigkeit hochh\u00e4lt. Nein, ein knallharter Vertreter einer in der eigenen Bev\u00f6lkerung durchaus nicht popul\u00e4ren Garde ist er, fast schon in der Manier eines <a href=\"http:\/\/www.comicleser.de\/?p=5976\" target=\"_blank\" rel=\"noopener\">Judge Dredd<\/a> teilt er gnadenlos aus und muss von seinen Kollegen schon mal davon abgehalten werden, allzustark auf einen Gauner einzupr\u00fcgeln. Auch der Krieg, f\u00fcr Adam Strange ein Gr\u00e4uel, scheint ihm wenig zu schaffen zu machen.<\/p>\n<p>Deutlich ruppiger als die noblen Inkarnationen eines alten \u00e4gyptischen Prinzen, als der Hawkman ja auch die DC-TV-Landschaft in Arrow, <a href=\"http:\/\/www.comicleser.de\/?p=5299\" target=\"_blank\" rel=\"noopener\">Flash<\/a> und Legends Of Tomorrow durchflattert, treffen wir hier auf eine rabiate, machiavellistische Gestalt, die ihr eigenes Handeln und Leben bestenfalls in kurzen inneren Monologen hinterfragt. Gleichzeitig kommt aber auch die Komik nicht zu kurz, etwa als Alan sich nach Thanagar teleportiert und dort einen splitternackten Katar antrifft, dem das alles irgendwie egal ist, immerhin ist er gerade mit einer Holden Achterbahn gefahren, deren Namen er noch nicht einmal kennt. Furios, schnell, episch und zupackend, so ist der Erz\u00e4hlfluss und auch die zeichnerische Umsetzung durch Aaron Lopresti (u.a. Batman, <a href=\"http:\/\/www.comicleser.de\/?p=1409\" target=\"_blank\" rel=\"noopener\">Catwoman<\/a>), der die Actionorgie im passenden Superheldenduktus inszeniert. Der vorliegende Band enth\u00e4lt die komplette Miniserie \u201eDeath Of Hawkman\u201c, die im Original vom Dezember 2016 bis Mai 2017 erschien, veredelt durch ein schmuckes Variant-Cover von <a href=\"http:\/\/www.comicleser.de\/?p=1321\" target=\"_blank\" rel=\"noopener\">Bill Sienkiewicz<\/a>. (hb)<\/p>\n<p><a href=\"https:\/\/www.paninishop.de\/artikel\/ddcyu013-tod-von-hawkman\" target=\"_blank\" rel=\"noopener\">Der Tod von Hawkman<\/a><br \/>\nText: Marc Andreyko<br \/>\nBilder: Aaron Lopresti, Rodney Buchemi, Bill Sienkiewicz (Cover)<br \/>\n164 Seiten in Farbe, Softcover<br \/>\nPanini Comics<br \/>\n17,99 Euro<\/p>\n<p>ISBN: 978-3-7416-0701-1<\/p>\n<div class=\"wp_twitter_button\" style=\"float: right; margin-left: 10px;\">\n\t\t\t\t<a href=\"http:\/\/twitter.com\/share?counturl=http%3A%2F%2Fwww.comicleser.de%2F%3Fp%3D6743\" class=\"twitter-share-button\" data-url=\"http:\/\/www.comicleser.de\/?p=6743\" data-count=\"none\" data-via=\"comicleser\" data-lang=\"de\" data-text=\"Der Tod von Hawkman (Panini) &raquo; Comicleser #Aaron Lopresti #Adam Strange #Bill Sienkiewicz #D [...]\">Tweet<\/a>\n\t\t\t<\/div>\n","protected":false},"excerpt":{"rendered":"<p>Seltsam, verwunderlich \u2013 manchmal ist der Name eben doch Programm. Adam Strange hatte sich eigentlich ziemlich darauf gefreut, seinem doch eher dr\u00f6gen Erdleben als Arch\u00e4ologe zu entrinnen und per Zeta-Strahl (landl\u00e4ufig auch Teleporter genannt) wieder einmal auf seine Heimat Rann geholt zu werden. Immerhin muss er dort Fieslinge nicht nur auf der Playstation verhauen wie [&hellip;]<\/p>\n","protected":false},"author":2,"featured_media":0,"comment_status":"closed","ping_status":"open","sticky":false,"template":"","format":"standard","meta":{"footnotes":""},"categories":[12],"tags":[3267,1342,533,32,3265,1344,3266,1492,3268,317,28],"class_list":["post-6743","post","type-post","status-publish","format-standard","hentry","category-panini","tag-aaron-lopresti","tag-adam-strange","tag-bill-sienkiewicz","tag-dc","tag-der-tod-von-hawkman","tag-hawkman","tag-marc-andreyko","tag-panini","tag-rodney-buchemi","tag-science-fiction","tag-superhelden"],"_links":{"self":[{"href":"http:\/\/www.comicleser.de\/index.php?rest_route=\/wp\/v2\/posts\/6743","targetHints":{"allow":["GET"]}}],"collection":[{"href":"http:\/\/www.comicleser.de\/index.php?rest_route=\/wp\/v2\/posts"}],"about":[{"href":"http:\/\/www.comicleser.de\/index.php?rest_route=\/wp\/v2\/types\/post"}],"author":[{"embeddable":true,"href":"http:\/\/www.comicleser.de\/index.php?rest_route=\/wp\/v2\/users\/2"}],"replies":[{"embeddable":true,"href":"http:\/\/www.comicleser.de\/index.php?rest_route=%2Fwp%2Fv2%2Fcomments&post=6743"}],"version-history":[{"count":1,"href":"http:\/\/www.comicleser.de\/index.php?rest_route=\/wp\/v2\/posts\/6743\/revisions"}],"predecessor-version":[{"id":6745,"href":"http:\/\/www.comicleser.de\/index.php?rest_route=\/wp\/v2\/posts\/6743\/revisions\/6745"}],"wp:attachment":[{"href":"http:\/\/www.comicleser.de\/index.php?rest_route=%2Fwp%2Fv2%2Fmedia&parent=6743"}],"wp:term":[{"taxonomy":"category","embeddable":true,"href":"http:\/\/www.comicleser.de\/index.php?rest_route=%2Fwp%2Fv2%2Fcategories&post=6743"},{"taxonomy":"post_tag","embeddable":true,"href":"http:\/\/www.comicleser.de\/index.php?rest_route=%2Fwp%2Fv2%2Ftags&post=6743"}],"curies":[{"name":"wp","href":"https:\/\/api.w.org\/{rel}","templated":true}]}}