{"id":6499,"date":"2018-02-28T12:40:03","date_gmt":"2018-02-28T10:40:03","guid":{"rendered":"http:\/\/www.comicleser.de\/?p=6499"},"modified":"2018-03-01T15:55:07","modified_gmt":"2018-03-01T13:55:07","slug":"die-eisendivisionen-band-3-panini","status":"publish","type":"post","link":"http:\/\/www.comicleser.de\/?p=6499","title":{"rendered":"Die Eisendivisionen, Band 3 (Bunte Dimensionen)"},"content":{"rendered":"<p><img loading=\"lazy\" decoding=\"async\" class=\"alignright size-full wp-image-6500\" src=\"http:\/\/www.comicleser.de\/wp-content\/uploads\/2018\/02\/Eisendivisionen-3.jpg\" alt=\"\" width=\"290\" height=\"400\" srcset=\"http:\/\/www.comicleser.de\/wp-content\/uploads\/2018\/02\/Eisendivisionen-3.jpg 290w, http:\/\/www.comicleser.de\/wp-content\/uploads\/2018\/02\/Eisendivisionen-3-218x300.jpg 218w\" sizes=\"auto, (max-width: 290px) 100vw, 290px\" \/><\/p>\n<p>1947 im Nordwesten des ehemaligen Polens. Ein Trupp alliierter Soldaten auf einem Himmelfahrts-Kommando: Getarnt als SS-Leute macht sich die kleine Gruppe um den Offizier Sanders auf den Weg Richtung Wolfsschanze, dem Hauptquartier des Projekts \u201eLandkreuzer\u201c. Das waghalsige Unternehmen verfolgt zwei Ziele: zum einen die Zerst\u00f6rung der Produktions-St\u00e4tte des Neptuniums, dem Element, aus dem man die Energie gewinnt, die die gigantischen Panzerl\u00e4ufer antreibt, mit deren Hilfe die Nazis dem Krieg doch noch eine sp\u00e4te Wendung geben konnten. Und zum anderen die Befreiung der amerikanischen Wissenschaftler, die die Deutschen in einem Handstreich aus Texas entf\u00fchrten und die nun als Zwangsarbeiter f\u00fcr das teutonische Wunderwaffenprogramm arbeiten m\u00fcssen. Doch das Kommando-Unternehmen (\u201eOperation Rebalance\u201c getauft) steht unter keinem guten Stern. Erst greifen Jagdflieger des russischen Widerstands die vermeintlichen Deutschen an und dezimieren die Truppe empfindlich und dann entpuppt sich einer davon auch noch als Verr\u00e4ter, der in Diensten der Nazis steht\u2026<\/p>\n<p>Klar: wir befinden uns hier einmal mehr in einer der beliebten Alternativwelt-Geschichten. Hier war, \u00e4hnlich wie in <a href=\"http:\/\/www.comicleser.de\/?p=4380\" target=\"_blank\" rel=\"noopener\">Kieron Gillens \u201e\u00dcber&#8220;<\/a> das deutsche Wunderwaffenprogramm von Erfolg gekr\u00f6nt. Allerdings weder durch D\u00fcsenj\u00e4ger noch durch Raketen oder gar durch modifizierte <a href=\"http:\/\/www.comicleser.de\/?p=4170\">Super-Soldaten<\/a>, sondern mit Hilfe von Mechs \u2013 riesigen bemannten Roboter-\u00e4hnlichen Kampfmaschinen (wie man sie aus Videospielen kennt und in K\u00fcrze wieder im Kino in \u201ePacific Rim Uprising\u201c bewundern kann). Damit bot man nicht nur den Alliierten Paroli, man zwang auch die Amerikaner (indem man <a href=\"http:\/\/www.comicleser.de\/?p=5291\" target=\"_blank\" rel=\"noopener\">Manhattan bombardierte<\/a>), sich wieder ganz aus dem Krieg zur\u00fcckzuziehen und ist gegenw\u00e4rtig dabei, die Russen zu schlagen. Kurz: alles scheint zu Gunsten der Deutschen zu laufen. Das Gleichgewicht der Kr\u00e4fte ist dann endg\u00fcltig empfindlich gest\u00f6rt, als die Wissenschaftler \u2013 allen voran Albert Einstein \u2013 entf\u00fchrt werden, um f\u00fcr die Nazis in Sachen Wunderwaffen zu forschen und zu entwickeln, weshalb die \u201eOperation Rebalance\u201c ins Leben gerufen wird.<\/p>\n<div id=\"attachment_6502\" style=\"width: 271px\" class=\"wp-caption alignleft\"><img loading=\"lazy\" decoding=\"async\" aria-describedby=\"caption-attachment-6502\" class=\" wp-image-6502\" src=\"http:\/\/www.comicleser.de\/wp-content\/uploads\/2018\/02\/Eisendivisionen-3_VZA.jpg\" alt=\"\" width=\"261\" height=\"350\" srcset=\"http:\/\/www.comicleser.de\/wp-content\/uploads\/2018\/02\/Eisendivisionen-3_VZA.jpg 283w, http:\/\/www.comicleser.de\/wp-content\/uploads\/2018\/02\/Eisendivisionen-3_VZA-223x300.jpg 223w\" sizes=\"auto, (max-width: 261px) 100vw, 261px\" \/><p id=\"caption-attachment-6502\" class=\"wp-caption-text\">Die limitierte VZA mit signiertem Druck<\/p><\/div>\n<p>Autor Jean-Luc Sala reiht hier hinsichtlich seiner <a href=\"http:\/\/www.comicleser.de\/?p=5070\" target=\"_blank\" rel=\"noopener\">alternativen Geschichtsschreibung<\/a> viele Ideen dicht gedr\u00e4ngt aneinander, denen man bisweilen eine gr\u00f6\u00dfere Entfaltung gew\u00fcnscht h\u00e4tte. So bezieht er sich nicht nur auf die in der Realit\u00e4t gl\u00fccklicherweise weitgehend wirkungslos gebliebenen Wunderwaffen (siehe auch diverse Serien im All Verlag, die diese Thematik behandeln), wir erfahren auch, dass das eigentlich britische Projekt Habbakuk von den Nazis \u201egeklaut\u201c wurde (eine gigantische, im Atlantik schwimmende Plattform, auf der Flugzeuge stationiert werden \u2013 F.P.1 und der blonde Hans lassen gr\u00fc\u00dfen), um von dort aus Manhattan bombardieren zu k\u00f6nnen. Die Mechs oder Landkreuzer oder Panzerl\u00e4ufer (wie die Amis sie nennen), spielen erst sp\u00e4t im Band eine aktive Rolle. Vorher liegt der Fokus auf dem Trupp Soldaten, die in SS-Uniform in bester \u201eInglourious Basterds\u201c Manier tief ins Herz des Feindgebiets vordringen, nicht ahnend, dass sie dort bereits erwartet werden. Und rechtzeitig zum dann doch radikalen Showdown gesellt sich die \u201eNachthexe\u201c Tanja Jakwolewa vom russischen Widerstand, die wir bereits aus Band 1 kennen, zur Truppe.<\/p>\n<p>Wie akribisch Jean-Luc Sala seine Parallel-Historie entwirft, zeigt die Zeittafel, die die alternative <a href=\"http:\/\/www.comicleser.de\/?tag=der-ii-weltkrieg-in-bildern\" target=\"_blank\" rel=\"noopener\">Historie des Zweiten Weltkriegs<\/a> schildert, der hier eben nicht 1945 endet. Und wir erfahren damit auch, wie die Geschichte weiter geht: Die dritte (und bisher letzte) Episode der Reihe erz\u00e4hlt hier einen Wendepunkt des Krieges. Mit dem bei der \u201eOperation Rebalance\u201c erbeuteten Wissen ist das Wettr\u00fcsten er\u00f6ffnet. Auch die anderen kriegsf\u00fchrenden Nationen werden nun ihre eigenen Mechs bauen, wodurch ein waffenstarrendes Gleichgewicht der Kr\u00e4fte und des Schreckens entstehen wird (was wir ja leider auch aus unserer Gegenwart kennen \u2013 Aufr\u00fcstung ist gerade wieder \u201eIn\u201c). Damit ist die B\u00fcchse der Pandora ge\u00f6ffnet, denn nur ein Jahr sp\u00e4ter werden die Japaner mit massiver Mech-Unterst\u00fctzung die Invasion Amerikas starten (siehe Band 2). Ein Ende des Krieges ist damit nicht absehbar. D\u00fcstere Aussichten f\u00fcr die (Alternativ-) Welt\u2026 (bw)<\/p>\n<p><a href=\"http:\/\/www.bunte-dimensionen.de\/comic\/showComic\/163\" target=\"_blank\" rel=\"noopener\">Die Eisendivisionen, Band 3: Operation Rebalance<\/a><br \/>\nText: Jean-Luc Sala<br \/>\nBilder: Stefano Martino, <a href=\"http:\/\/www.comicleser.de\/?p=4308\" target=\"_blank\" rel=\"noopener\">Ronan Toulhoat<\/a> (Cover)<br \/>\n48 Seiten in Farbe, Hardcover<br \/>\nBunte Dimensionen<br \/>\n15 Euro<\/p>\n<p>ISBN: 978-3-944446-59-2<\/p>\n<div class=\"wp_twitter_button\" style=\"float: right; margin-left: 10px;\">\n\t\t\t\t<a href=\"http:\/\/twitter.com\/share?counturl=http%3A%2F%2Fwww.comicleser.de%2F%3Fp%3D6499\" class=\"twitter-share-button\" data-url=\"http:\/\/www.comicleser.de\/?p=6499\" data-count=\"none\" data-via=\"comicleser\" data-lang=\"de\" data-text=\"Die Eisendivisionen, Band 3 (Bunte Dimensionen) &raquo; Comicleser #Die Eisendivisionen #Jean-Luc  [...]\">Tweet<\/a>\n\t\t\t<\/div>\n","protected":false},"excerpt":{"rendered":"<p>1947 im Nordwesten des ehemaligen Polens. Ein Trupp alliierter Soldaten auf einem Himmelfahrts-Kommando: Getarnt als SS-Leute macht sich die kleine Gruppe um den Offizier Sanders auf den Weg Richtung Wolfsschanze, dem Hauptquartier des Projekts \u201eLandkreuzer\u201c. Das waghalsige Unternehmen verfolgt zwei Ziele: zum einen die Zerst\u00f6rung der Produktions-St\u00e4tte des Neptuniums, dem Element, aus dem man die [&hellip;]<\/p>\n","protected":false},"author":2,"featured_media":0,"comment_status":"closed","ping_status":"open","sticky":false,"template":"","format":"standard","meta":{"footnotes":""},"categories":[19],"tags":[2611,2613,3167,2266,317,209],"class_list":["post-6499","post","type-post","status-publish","format-standard","hentry","category-bunte-dimensionen","tag-die-eisendivisionen","tag-jean-luc-sala","tag-operation-rebalance","tag-ronan-toulhoat","tag-science-fiction","tag-stefano-martino"],"_links":{"self":[{"href":"http:\/\/www.comicleser.de\/index.php?rest_route=\/wp\/v2\/posts\/6499","targetHints":{"allow":["GET"]}}],"collection":[{"href":"http:\/\/www.comicleser.de\/index.php?rest_route=\/wp\/v2\/posts"}],"about":[{"href":"http:\/\/www.comicleser.de\/index.php?rest_route=\/wp\/v2\/types\/post"}],"author":[{"embeddable":true,"href":"http:\/\/www.comicleser.de\/index.php?rest_route=\/wp\/v2\/users\/2"}],"replies":[{"embeddable":true,"href":"http:\/\/www.comicleser.de\/index.php?rest_route=%2Fwp%2Fv2%2Fcomments&post=6499"}],"version-history":[{"count":10,"href":"http:\/\/www.comicleser.de\/index.php?rest_route=\/wp\/v2\/posts\/6499\/revisions"}],"predecessor-version":[{"id":6523,"href":"http:\/\/www.comicleser.de\/index.php?rest_route=\/wp\/v2\/posts\/6499\/revisions\/6523"}],"wp:attachment":[{"href":"http:\/\/www.comicleser.de\/index.php?rest_route=%2Fwp%2Fv2%2Fmedia&parent=6499"}],"wp:term":[{"taxonomy":"category","embeddable":true,"href":"http:\/\/www.comicleser.de\/index.php?rest_route=%2Fwp%2Fv2%2Fcategories&post=6499"},{"taxonomy":"post_tag","embeddable":true,"href":"http:\/\/www.comicleser.de\/index.php?rest_route=%2Fwp%2Fv2%2Ftags&post=6499"}],"curies":[{"name":"wp","href":"https:\/\/api.w.org\/{rel}","templated":true}]}}