{"id":4845,"date":"2016-12-14T12:16:18","date_gmt":"2016-12-14T10:16:18","guid":{"rendered":"http:\/\/www.comicleser.de\/?p=4845"},"modified":"2016-12-14T12:16:18","modified_gmt":"2016-12-14T10:16:18","slug":"sterben-fur-die-freiheit-panini","status":"publish","type":"post","link":"http:\/\/www.comicleser.de\/?p=4845","title":{"rendered":"Sterben f\u00fcr die Freiheit (Panini)"},"content":{"rendered":"<p><img loading=\"lazy\" decoding=\"async\" class=\"alignleft size-full wp-image-4846\" src=\"http:\/\/www.comicleser.de\/wp-content\/uploads\/2016\/12\/Sterben-f\u00fcr-die-Freiheit.jpg\" alt=\"Sterben f\u00fcr die Freiheit (Panini)\" width=\"300\" height=\"400\" srcset=\"http:\/\/www.comicleser.de\/wp-content\/uploads\/2016\/12\/Sterben-f\u00fcr-die-Freiheit.jpg 300w, http:\/\/www.comicleser.de\/wp-content\/uploads\/2016\/12\/Sterben-f\u00fcr-die-Freiheit-225x300.jpg 225w\" sizes=\"auto, (max-width: 300px) 100vw, 300px\" \/><\/p>\n<p>Frankreich 2012: Claire nimmt am Begr\u00e4bnis ihrer Tante teil, die ihr neben ihrem Haus auch noch einige Habseligkeiten hinterl\u00e4sst. Darunter findet sich ein schwarzes Notizbuch und eine Sammlung von Zeitungsartikeln, allesamt aus den 30er und 40er Jahren, mehrheitlich auf Deutsch. Fasziniert vertieft sich Claire in die Geschichten, die dort erz\u00e4hlt werden \u2013 als erstes die spektakul\u00e4ren Errungenschaften von Amy Johnson, die im England der 30er Jahre versucht, in der M\u00e4nnerdom\u00e4ne der <a href=\"http:\/\/www.comicleser.de\/?p=3183\" target=\"_blank\">Luftfahrt<\/a> Fu\u00df zu fassen. Um auf sich aufmerksam zu machen, unternimmt Amy einen der ersten Direktfl\u00fcge von London nach <a href=\"http:\/\/www.comicleser.de\/?p=3733\" target=\"_blank\">Sydney<\/a>, der nach allerlei Zwischenf\u00e4llen tats\u00e4chlich gelingt. Auf dieser Reise lernt sie auch ihren sp\u00e4teren Mann Jim Mollison kennen, einen Hallodri, von dem sie sich nach zahlreichen gemeinsamen Rekordversuchen wieder scheiden l\u00e4sst. Auch die Schweizer Journalistin Anna Shearer verfolgt Amys Karriere aufmerksam und freundet sich sogar mit der Pilotin an, die nach Ausbruch des <a href=\"http:\/\/www.comicleser.de\/?p=570\" target=\"_blank\">zweiten Weltkriegs<\/a> in die ATA eintritt, die Air Transport Auxiliary Einheit der Royal Air Force, die Flugzeuge von der Produktion zum jeweiligen Einsatzort \u00fcberf\u00fchrt.<\/p>\n<p>Auf einem dieser Fl\u00fcge stellt sich allerdings heraus, dass Anna keineswegs Journalistin, sondern eine Agentin der <a href=\"http:\/\/www.comicleser.de\/?p=4380\" target=\"_blank\">deutschen Abwehr<\/a> ist, die im Auftrag von Canaris wertvolle Informationen \u00fcber Flugzeugprototypen und geplante Eins\u00e4tze der britischen Luftwaffe gesammelt hat. Mit vorgehaltener Waffe zwingt sie Amy, Kurs auf das <a href=\"http:\/\/www.comicleser.de\/?p=297\" target=\"_blank\">besetzte Frankreich<\/a> zu nehmen, aber es kommt zum Handgemenge, in dem die Maschine mitsamt den beiden abst\u00fcrzt\u2026 Im Juli 1942 befindet sich Anna, die eigentlich M\u00fcller hei\u00dft und als Agentin den Decknamen Gerda tr\u00e4gt, wieder in Berlin und nimmt direkt von Canaris die n\u00e4chste Mission entgegen: in <a href=\"http:\/\/www.comicleser.de\/?p=2697\" target=\"_blank\">M\u00fcnchen<\/a> machen seit einigen Wochen aufr\u00fchrerische Flugbl\u00e4tter die Runde, die das deutsche Volk aufr\u00fctteln und gegen die Machthaber aufbringen sollen. Die Spuren der Abwehr f\u00fchren in das intellektuelle Milieu um Professor Muth, den Anna nach einigen vergeblichen Versuchen ausfindig macht. Dort nimmt sie auch Kontakt mit der jungen Sophie Scholl auf, die gerade ihren Dienst in einer R\u00fcstungsfabrik in Ulm versieht, der Voraussetzung daf\u00fcr ist, das Studium in M\u00fcnchen aufzunehmen.<\/p>\n<p>Geschickt erschleicht sich Anna das Vertrauen von Sophie, die gemeinsam mit ihren von der Ostfront zur\u00fcckgekehrten Br\u00fcdern und ihren Freunden Tobias Schmorell und Christoph Probst unter dem Decknamen Wei\u00dfe Rose f\u00fcr die Flugbl\u00e4tter verantwortlich ist. Als Sophie und Hans das neueste Flugblatt direkt in der Universit\u00e4t auslegen, kommt es zur Katastrophe: der Hausmeister h\u00e4lt sie fest und \u00fcbergibt sie der Gestapo, deren Schlinge sich ohnehin schon eng zugezogen hatte. All dies verfolgt Anna entsetzt mit, die langsam aber sicher Achtung vor den mutigen jungen Studenten entwickelt hat. Nach der Hinrichtung von Sophie und Hans trifft sie sich mit Graf von Moltke, dem sie das sechste und letzte Flugblatt der Wei\u00dfen Rose \u00fcbergibt, das auf diesem Weg nach England gelangt und im Sommer 1943 in tausendfacher Ausfertigung den britischen Bombern \u00fcber Berlin abgeworfen wird\u2026 Auch ins Schicksal der Mitgr\u00fcnderin der franz\u00f6sischen Widerstandsgruppe Combat, Berty Albrecht, die sich 1943 in der Haft der <a href=\"http:\/\/www.comicleser.de\/?p=2857\" target=\"_blank\">Gestapo<\/a> das Leben nahm, ist Anna verstrickt, genauso wie in Leben und Tod der Mila Racine, deren mutiges Handeln dutzenden j\u00fcdischen Kindern die Flucht in die rettende Schweiz erm\u00f6glichte.<\/p>\n<p>Mit diesem umfangreichen Band liefert Emmanuelle Pollack das, was man gemeinhin als <a href=\"http:\/\/www.comicleser.de\/?p=4139\" target=\"_blank\">Portmanteau-Geschichte<\/a> bezeichnet: eine Anthologie unterschiedlicher Erz\u00e4hlungen, die alle durch ein zentrales Element zusammengehalten werden. In diesem Fall bietet das Notizbuch Anna M\u00fcllers dieses Bindeglied, aus dem sich nach und nach die vier Einzelschicksale zu einem gro\u00dfen Panorama des Freiheitskampfes \u2013 zun\u00e4chst gegen Geschlechterrollen, dann gegen die Gewaltherrschaft \u2013 zusammenf\u00fcgen. Dabei nutzt die Sammlung den Kunstgriff einer fiktiven Figur, die jeweils durchaus entscheidend in die historischen Geschehnisse eingreift \u2013 so etwa wird der Absturz von Amy Johnson nahe der englischen K\u00fcste, bei der die Leiche der Pilotin nie gefunden wurde, durch Anna erst herbeigef\u00fchrt, und sie sorgt in der Episode um die Wei\u00dfe Rose selbst daf\u00fcr, dass das sechste Flugblatt nach <a href=\"http:\/\/www.comicleser.de\/?p=3470\" target=\"_blank\">England<\/a> gelangt, wo es von Thomas Mann im BBC-Radio in Ausz\u00fcgen vorgelesen wurde.<\/p>\n<p>So verbinden die Szenaristen <a href=\"http:\/\/www.comicleser.de\/?p=2682\" target=\"_blank\">R\u00e9gis Hauti\u00e8re<\/a> (\u201e<a href=\"http:\/\/www.comicleser.de\/?p=4332\" target=\"_blank\">Der Krieg der Knirpse<\/a>\u201c) und Francis Laboutique geschickt historisch akribisch recherchierte Abl\u00e4ufe mit fiktiven Elementen, was sich auch in den Zeichnungen von Pierre Wachs (\u201eAmy Johnson\u201c), Marc Veber (\u201eSophie Scholl\u201c), Ullcer (\u201eBerty Albrecht\u201c) und Olivier Frasier (\u201eMila Racine\u201c) niederschl\u00e4gt: in den Personen leicht stilisiert, in Objekten und Schaupl\u00e4tzen genauestens rekonstruiert \u2013 wie etwa die ber\u00fchmte Eingangshalle der M\u00fcnchner Universit\u00e4t, wo Sophie Scholl im \u00dcberschwang die Flugbl\u00e4tter von der Balustrade warf. Erg\u00e4nzt wird jede Geschichte weiterhin durch ein geschichtliches Essay von Emmanuelle Laboutqiue, wodurch nochmals die virtuose Verbindung von Fakt und Fiktion verdeutlicht wird, den dieses Hohelied auf die Freiheitsliebe, das im Original in vier B\u00e4nden bei <a href=\"http:\/\/www.comicleser.de\/?p=1604\" target=\"_blank\">Casterman<\/a> erschien, abliefert. (hb)<\/p>\n<p><a href=\"https:\/\/www.paninishop.de\/artikel\/sterben-fuer-freiheit-sophie-scholl-und-frauen-des-widerstands\" target=\"_blank\">Sterben f\u00fcr die Freiheit<\/a><br \/>\nText: R\u00e9gis Hauti\u00e8re, Francis Laboutique, Emmanuelle Polack<br \/>\nBilder: Mark Veber, Pierre Wachs, Ullcer, Olivier Frasier<br \/>\n264 Seiten in Farbe, Hardcover<br \/>\nPanini Comics<br \/>\n24,99 Euro<\/p>\n<p>ISBN: 978-3-95798-558-3<\/p>\n<div class=\"wp_twitter_button\" style=\"float: right; margin-left: 10px;\">\n\t\t\t\t<a href=\"http:\/\/twitter.com\/share?counturl=http%3A%2F%2Fwww.comicleser.de%2F%3Fp%3D4845\" class=\"twitter-share-button\" data-url=\"http:\/\/www.comicleser.de\/?p=4845\" data-count=\"none\" data-via=\"comicleser\" data-lang=\"de\" data-text=\"Sterben f\u00fcr die Freiheit (Panini) &raquo; Comicleser #Emmanuelle Polack #Francis Laboutique #Grap [...]\">Tweet<\/a>\n\t\t\t<\/div>\n","protected":false},"excerpt":{"rendered":"<p>Frankreich 2012: Claire nimmt am Begr\u00e4bnis ihrer Tante teil, die ihr neben ihrem Haus auch noch einige Habseligkeiten hinterl\u00e4sst. Darunter findet sich ein schwarzes Notizbuch und eine Sammlung von Zeitungsartikeln, allesamt aus den 30er und 40er Jahren, mehrheitlich auf Deutsch. Fasziniert vertieft sich Claire in die Geschichten, die dort erz\u00e4hlt werden \u2013 als erstes die [&hellip;]<\/p>\n","protected":false},"author":2,"featured_media":0,"comment_status":"closed","ping_status":"open","sticky":false,"template":"","format":"standard","meta":{"footnotes":""},"categories":[12],"tags":[2517,2516,35,2518,2521,1492,2519,339,2515,2520],"class_list":["post-4845","post","type-post","status-publish","format-standard","hentry","category-panini","tag-emmanuelle-polack","tag-francis-laboutique","tag-graphic-novel","tag-mark-veber","tag-olivier-frasier","tag-panini","tag-pierre-wachs","tag-regis-hautiere","tag-sterben-fur-die-freiheit","tag-ullcer"],"_links":{"self":[{"href":"http:\/\/www.comicleser.de\/index.php?rest_route=\/wp\/v2\/posts\/4845","targetHints":{"allow":["GET"]}}],"collection":[{"href":"http:\/\/www.comicleser.de\/index.php?rest_route=\/wp\/v2\/posts"}],"about":[{"href":"http:\/\/www.comicleser.de\/index.php?rest_route=\/wp\/v2\/types\/post"}],"author":[{"embeddable":true,"href":"http:\/\/www.comicleser.de\/index.php?rest_route=\/wp\/v2\/users\/2"}],"replies":[{"embeddable":true,"href":"http:\/\/www.comicleser.de\/index.php?rest_route=%2Fwp%2Fv2%2Fcomments&post=4845"}],"version-history":[{"count":1,"href":"http:\/\/www.comicleser.de\/index.php?rest_route=\/wp\/v2\/posts\/4845\/revisions"}],"predecessor-version":[{"id":4847,"href":"http:\/\/www.comicleser.de\/index.php?rest_route=\/wp\/v2\/posts\/4845\/revisions\/4847"}],"wp:attachment":[{"href":"http:\/\/www.comicleser.de\/index.php?rest_route=%2Fwp%2Fv2%2Fmedia&parent=4845"}],"wp:term":[{"taxonomy":"category","embeddable":true,"href":"http:\/\/www.comicleser.de\/index.php?rest_route=%2Fwp%2Fv2%2Fcategories&post=4845"},{"taxonomy":"post_tag","embeddable":true,"href":"http:\/\/www.comicleser.de\/index.php?rest_route=%2Fwp%2Fv2%2Ftags&post=4845"}],"curies":[{"name":"wp","href":"https:\/\/api.w.org\/{rel}","templated":true}]}}