{"id":4099,"date":"2016-06-01T13:36:01","date_gmt":"2016-06-01T11:36:01","guid":{"rendered":"http:\/\/www.comicleser.de\/?p=4099"},"modified":"2016-06-06T10:50:20","modified_gmt":"2016-06-06T08:50:20","slug":"comic-salon-erlangen-2016","status":"publish","type":"post","link":"http:\/\/www.comicleser.de\/?p=4099","title":{"rendered":"Comic-Salon Erlangen 2016"},"content":{"rendered":"<p><img loading=\"lazy\" decoding=\"async\" class=\"alignleft size-full wp-image-4100\" src=\"http:\/\/www.comicleser.de\/wp-content\/uploads\/2016\/06\/Plakat-Lucky-Luke.jpg\" alt=\"Plakat Comic-Salon\" width=\"282\" height=\"400\" srcset=\"http:\/\/www.comicleser.de\/wp-content\/uploads\/2016\/06\/Plakat-Lucky-Luke.jpg 282w, http:\/\/www.comicleser.de\/wp-content\/uploads\/2016\/06\/Plakat-Lucky-Luke-212x300.jpg 212w\" sizes=\"auto, (max-width: 282px) 100vw, 282px\" \/><\/p>\n<p>Hashtag CSE16! Man muss ja mit der Zeit gehen, und so durfte man geduldig entschl\u00fcsseln, dass damit nicht ein neuer Wochentag, sondern der sozialnetzwerkende Verweis (hashtag) auf den Comicsalon (cse) 2016 (ok das bekommt ihr jetzt selbst raus) gemeint war \u2013 und zwar schon Ausgabe 17, um die Verwirrung komplett zu machen. Erlangen und der Comic-Salon, das geh\u00f6rt zur Stadt schon fast wie ein gewisser f\u00fchrender Elektrogemischtwarenladen: das passt einfach zusammen. So freute sich die Comic-Branche wie jedes zweite Jahr (alternative Austragungsst\u00e4tte ist bekanntlich <a href=\"http:\/\/www.comicleser.de\/?p=2697\" target=\"_blank\">M\u00fcnchen<\/a>, wo in diesem Jahr zeitgleich ein anderes Gro\u00dfereignis lockte \u2013 davon sp\u00e4ter mehr) auf die neue Auflage der traditionsreichsten Comic-Messe Deutschlands, die vom 26. bis 29. Mai die Tore \u00f6ffnete.<\/p>\n<p>Das Salz in der eventm\u00e4\u00dfigen Suppe eines jeden Salons sind nat\u00fcrlich die anwesenden K\u00fcnstler. \u00dcber 500 (!) waren heuer angek\u00fcndigt, darunter etliche aus dem nahen und fernen Ausland, wenngleich die Dichte franko-belgischer Kollegen in der Vergangenheit durchaus schon h\u00f6her gewesen sein mag. Vielseitig stellte sich der Splitter Verlag auf: neben den Dauerbrennern Peter Nuyten (der mit <a href=\"http:\/\/www.comicleser.de\/?p=3823\" target=\"_blank\">Apache Junction 2<\/a> im Gep\u00e4ck anr\u00fcckte und sich<a href=\"http:\/\/www.comicleser.de\/?p=1612\" target=\"_blank\"> wieder sehr redselig<\/a> gab) und <a href=\"http:\/\/www.comicleser.de\/?p=1023\" target=\"_blank\">Ingo R\u00f6mling<\/a> (mit dem dritten und letzten <a href=\"http:\/\/www.comicleser.de\/?p=1646\" target=\"_blank\">Malcolm Max<\/a> Band im Schlepptau) pr\u00e4sentierte man mit Miguel Vizoso den aktuellen Schl\u00fcmpfe-Zeichner. Aus Frankreich war Mika\u00ebl Bourguoin am Start, der in sein <a href=\"http:\/\/www.comicleser.de\/?p=2672\" target=\"_blank\">Prohibitions-Opus \u201eBlue Note\u201c<\/a> wahre Meisterwerke zeichnete und freim\u00fctig erkl\u00e4rte, es handele sich nat\u00fcrlich um ein Portrait von Robert Johnson, um den auch die <a href=\"http:\/\/www.comicleser.de\/?p=3490\" target=\"_blank\">Graphic Novel \u201eLove In Vain\u201c<\/a> kreist. Auch Altmeister und Brite John Bolton war stets guter Dinge und signierte sein <a href=\"http:\/\/www.comicleser.de\/?p=3713\" target=\"_blank\">aktuelles Werk \u201eShame\u201c<\/a>, mit dem er einmal mehr eindrucksvoll seine ganze zeichnerische Klasse zeigt. Ja, und dann \u201ereaktivierte\u201c man sogar Verlagschef Dirk Schulz, dessen \u201eIndigo\u201c-Gesamtausgabe (im handlichen <a href=\"http:\/\/www.comicleser.de\/?p=3733\" target=\"_blank\">Ziegelformat<\/a>) einer der Splitter Jubil\u00e4ums-B\u00e4nde ist. Gleich um die Ecke pr\u00e4sentierte Cross Cult u.a. gleich zwei Autoren-Zeichner-Duos: Nic Klein und Ivan Brandon signierten ihren <a href=\"http:\/\/www.comicleser.de\/?p=3011\" target=\"_blank\">\u201eDrifter\u201c<\/a> und den neu erschienenen Auftakt von \u201eViking\u201c, w\u00e4hrend der D\u00e4ne (l\u00fcgt nie vgl. <a href=\"http:\/\/www.comicleser.de\/?p=4030\" target=\"_blank\">unser Interview!<\/a>) <a href=\"http:\/\/www.comicleser.de\/?p=659\" target=\"_blank\">Peter Snejbjerg<\/a> gemeinsam mit dem \u201eAdapteur\u201c Jan Bratenstein die <a href=\"http:\/\/www.comicleser.de\/?p=3964\" target=\"_blank\">Ork-Saga<\/a> verzierte (Romanautor Michael Peinkofer war ab Samstag ebenfalls zu Gast). Bei Tokyopo\/<a href=\"http:\/\/www.comicleser.de\/?cat=1637\" target=\"_blank\">Popcom<\/a> eskalierte einmal mehr der bunthaarige Timo W\u00fcrz, und die in Br\u00fcssel lebende Franz\u00f6sin Mobidic (mit <a href=\"http:\/\/www.comicleser.de\/?p=3316\" target=\"_blank\">Melville<\/a> nicht verwandt oder verschw\u00e4gert) beeindruckte mit ihren D\u00e9dicaces in ihren preisgekr\u00f6nten \u201eB\u00e4renk\u00f6nig\u201c (Geheimtipp!).<\/p>\n<div id=\"attachment_4102\" style=\"width: 410px\" class=\"wp-caption alignright\"><img loading=\"lazy\" decoding=\"async\" aria-describedby=\"caption-attachment-4102\" class=\"wp-image-4102 size-full\" src=\"http:\/\/www.comicleser.de\/wp-content\/uploads\/2016\/06\/Buntes-Treiben.jpg\" width=\"400\" height=\"300\" srcset=\"http:\/\/www.comicleser.de\/wp-content\/uploads\/2016\/06\/Buntes-Treiben.jpg 400w, http:\/\/www.comicleser.de\/wp-content\/uploads\/2016\/06\/Buntes-Treiben-300x225.jpg 300w\" sizes=\"auto, (max-width: 400px) 100vw, 400px\" \/><p id=\"caption-attachment-4102\" class=\"wp-caption-text\">Blick in die Halle<\/p><\/div>\n<p>Comicplus fuhr mit <a href=\"http:\/\/www.comicleser.de\/?p=3144\" target=\"_blank\">Griffo<\/a> (\u201eGiacomo C.\u201c, <a href=\"http:\/\/www.comicleser.de\/?p=3655\" target=\"_blank\">\u201eGolden Dogs\u201c<\/a>) franko-belgische Klasse der alten Schule auf, und Panini bot einmal mehr den Spanier Guillem March, der sowohl im Superhelden-Programm (<a href=\"http:\/\/www.comicleser.de\/?p=1409\" target=\"_blank\">\u201eCatwoman\u201c<\/a>) als auch in der neuen Alben-Sparte vertreten ist (von \u201eMonika\u201c gab es eine mega-limitierte Sonderausgabe zu erhaschen). Oben bei der \u201ewir machen Kunst\u201c-Fraktion von Reprodukt signierten u.a. 50 % von Kerasco\u00ebt und ein bestens aufgelegter Cyril Pedrosa, der wegen der Streiklage in Frankreich mit massiven Anreiseproblemen zu k\u00e4mpfen hatte (ohne Sprit f\u00e4hrt sich schlecht Auto). Und Szene-Guter Geist Eckhart Schott pr\u00e4sentierte mit Marcel Uderzo (genau, der Bruder des Asterix-Sch\u00f6pfers Albert) den \u00e4ltesten Gast des Salons, der mit seinen 84 Jahren geduldig nicht nur die <a href=\"http:\/\/www.comicleser.de\/?p=2838\" target=\"_blank\">neu aufgelegte Reihe \u201eMatthias erz\u00e4hlt\u201c<\/a> signierte, sondern auch die <a href=\"http:\/\/www.comicleser.de\/?p=3325\" target=\"_blank\">Asterix<\/a>-B\u00e4nde, an denen er beteiligt war (wobei Bruderherz Albert sich an Marcels Beitrag zum Welterfolg sp\u00e4ter irgendwie nicht mehr so recht erinnern konnte\/wollte). Unser ganz pers\u00f6nlicher Star des Salons allerdings war Andreas. Der geb\u00fcrtige Deutsche, der in der Bretagne lebt und bei <a href=\"http:\/\/www.comicleser.de\/?p=504\" target=\"_blank\">Eddy Paape<\/a> sein Handwerk lernte, wurde von Schreiber &amp; Leser eingeladen und war erstmals in Erlangen zu Gast. Allzu lange wurde sein Werk in Deutschland str\u00e4flich missachtet. Dann brachte <a href=\"http:\/\/www.comicleser.de\/?cat=14\" target=\"_blank\">Schreiber &amp; Leser<\/a> die \u201eCromwell Stone\u201c-Gesamtausgabe, in Folge den kompletten \u201eRork\u201c in zwei dicken B\u00e4nden (erschien dereinst im seligen \u201eSchwermetall\u201c-Magazin) und nun soll auch sein Hauptwerk \u201eCapricorn\u201c (ohne das \u201ee\u201c am Schluss) in G\u00e4nze erscheinen. Gesegnet von einem wahren Publikumsansturm (wir mussten die Kollegen am Stand informieren, dass es zeitlich ab 11 langsam eng zum Anstehen wird, wenn der Herr schon um 13 Uhr kommt!), zeichnete Andreas in seinem unverkennbaren Stil (wie bekommt man nur frei Hand so viele parallele Strukturen hin? Immer wieder verbl\u00fcffend\u2026), schien dabei sichtlich Spa\u00df zu haben und beantwortete Fragen in perfekt-h\u00f6flicher Manier.<\/p>\n<div id=\"attachment_4105\" style=\"width: 273px\" class=\"wp-caption alignleft\"><img loading=\"lazy\" decoding=\"async\" aria-describedby=\"caption-attachment-4105\" class=\"wp-image-4105 size-full\" src=\"http:\/\/www.comicleser.de\/wp-content\/uploads\/2016\/06\/Andreas.jpg\" width=\"263\" height=\"350\" srcset=\"http:\/\/www.comicleser.de\/wp-content\/uploads\/2016\/06\/Andreas.jpg 263w, http:\/\/www.comicleser.de\/wp-content\/uploads\/2016\/06\/Andreas-225x300.jpg 225w\" sizes=\"auto, (max-width: 263px) 100vw, 263px\" \/><p id=\"caption-attachment-4105\" class=\"wp-caption-text\">Andreas signiert Cromwell Stone<\/p><\/div>\n<p>\u00dcberhaupt waren die meisten anwesenden Zeichner stets f\u00fcr ein Schw\u00e4tzchen bereit und offenbarten dabei immer wieder interessante Details. So berichtete Andreas, dass die deutsche Ausgabe von \u201eUnsterblich wie der Tod\u201c (erschien bisher nur 1990 bei Carlsen) von \u00dcbersetzungsfehlern nur so wimmele (\u201eauf jeder Seite mindestens einer\u201c), die auch auf sein Insistieren (und trotz \u00dcbersenden einer korrigierten Fassung!) nicht berichtigt wurden. Peter Nuyten (<a href=\"http:\/\/www.comicleser.de\/?p=1557\" target=\"_blank\">\u201eApache Junction\u201c<\/a>) gew\u00e4hrte einen ersten Einblick in sein neues Projekt, das sich \u2013 wie immer akribisch recherchiert \u2013 mit der niederl\u00e4ndischen Kolonialgeschichte in S\u00fcdostasien besch\u00e4ftigt. John Bolton (\u201eShame\u201c) zeigte sein kleines Notizbuch, das den ersten Teil seines neuen Comics (was es ist, verraten wir nicht) in bereits ausgearbeiteten Skizzen und Panelstrukturen enthielt \u2013 und von seiner Frau mit Argusaugen bewacht wird. Ben Gijsemans erkl\u00e4rte die komplexe Farbgebung seines Erstlings \u201eHubert\u201c (neu bei <a href=\"http:\/\/www.comicleser.de\/?cat=192\" target=\"_blank\">Jacoby &amp; Stuart<\/a>), die in voller Absicht an (ur)alte Zeitungscomics erinnert. Originalseiten daraus konnte man in der Ausstellung im Kunstmuseum besichtigen (Schwerpunkt waren hier Comics aus Flandern und den Niederlanden). \u00dcberhaupt: die fl\u00e4misch\/holl\u00e4ndischen Zeichner, darunter auch Simon Spruyt, dessen <a href=\"http:\/\/www.comicleser.de\/?p=3760\" target=\"_blank\">Graphic Novel \u201eJunker\u201c<\/a> wir bereits gew\u00fcrdigt haben, beeindruckten mit einem Magazin (Parade), das t\u00e4glich (!) erschien und direkt in einem mobilen Atelier im Rathaus gezeichnet sowie produziert wurde. Leiter des Projektes war der Allround-K\u00fcnstler Joost Swarte (dem wir den Begriff der <a href=\"http:\/\/www.comicleser.de\/?tag=ligne-claire\" target=\"_blank\">\u201eLigne Claire\u201c<\/a> verdanken), der bereits <a href=\"http:\/\/www.comicleser.de\/?p=1632\" target=\"_blank\">Erlangen<\/a>-Erfahrung mitbrachte und auch gerne mal nebenher seine Comics signierte.<\/p>\n<div id=\"attachment_4107\" style=\"width: 273px\" class=\"wp-caption alignright\"><img loading=\"lazy\" decoding=\"async\" aria-describedby=\"caption-attachment-4107\" class=\"size-full wp-image-4107\" src=\"http:\/\/www.comicleser.de\/wp-content\/uploads\/2016\/06\/Matthieu-Bonhomme.jpg\" alt=\"Matthieu Bonhomme und sein Lucky Luke\" width=\"263\" height=\"350\" srcset=\"http:\/\/www.comicleser.de\/wp-content\/uploads\/2016\/06\/Matthieu-Bonhomme.jpg 263w, http:\/\/www.comicleser.de\/wp-content\/uploads\/2016\/06\/Matthieu-Bonhomme-225x300.jpg 225w\" sizes=\"auto, (max-width: 263px) 100vw, 263px\" \/><p id=\"caption-attachment-4107\" class=\"wp-caption-text\">Matthieu Bonhomme und sein Lucky Luke<\/p><\/div>\n<p>Ein weiterer Schwerpunkt in diesem Jahr waren allf\u00e4llige Jubil\u00e4en. Verlage feierten runde Geburtstage (Splitter, Edition Moderne, Cross Cult, Avant), w\u00e4hrend Egmont ganz auf eines seiner Zugpferde setzte: Lucky Luke begeht putzmunter seinen 70., weshalb man <a href=\"http:\/\/www.comicleser.de\/?p=3874\" target=\"_blank\">Achd\u00e9, den aktuellen Zeichner<\/a> des Lonesome Cowboys, auffuhr. Auch Matthieu Bonhomme (\u201eDer Marquis von Anaon\u201c, <a href=\"http:\/\/www.comicleser.de\/?p=520\" target=\"_blank\">\u201eEsteban\u201c<\/a>) durften wir begr\u00fc\u00dfen, der einen Hommage-Band in seinem realistischeren Stil zeichnete, von dem eigens f\u00fcr Erlangen eine (leider zu teure) auf 444 St\u00fcck limitierte Vorzugsausgabe in schwarz-wei\u00df produziert wurde. Nat\u00fcrlich wurde dem Mann, der schneller schie\u00dft als sein Schatten, sowie dessen Sch\u00f6pfer Morris auch eine Ausstellung gewidmet, die in der Ladengalerie Altstadtmarkt beheimatet war. Und das fundierte Fachmagazin \u201eReddition\u201c besch\u00e4ftigt sich in einer Sonderausgabe nur und ausschlie\u00dflich mit der franko-belgischen Comic-Ikone, die auch leibhaftig (z.B. in Form von Menschen mit lustigen Luke-H\u00fcten) die G\u00e4nge und Au\u00dfenbereiche des Salons unsicher machte.<\/p>\n<p>Apropos Ausstellungen: die waren wieder \u00fcber ganz Erlangen verteilt, mit dem Herzst\u00fcck im gro\u00dfen Saal der <a href=\"http:\/\/www.comicleser.de\/?p=694\" target=\"_blank\">Heinrich-Lades-Halle<\/a>. Dort platzierte der Veranstalter vier v\u00f6llig unterschiedliche Ausstellungen \u2013 in thematischer sowie geographischer Hinsicht, die auch gerade deshalb die Neugier der Besucher weckten. Die gingen von politisch brisanten Themen (Comics und Satire in der T\u00fcrkei) \u00fcber eine Werkschau der Autorin Marguerite Abouet (Aya), die auch anwesend war und am Stand des deutsch-franz\u00f6sischen Instituts signierte, bis zu einem exotischen Einblick in die Comicszene Indiens (Rising India \u2013 Aspekte des indischen Comics). Im Mittelpunkt stand jedoch die gro\u00dfe Ausstellung des Werks des ber\u00fchmten japanischen Mangakas <a href=\"http:\/\/www.comicleser.de\/?p=3166\" target=\"_blank\">Jiro Taniguchi<\/a>, dessen Comics bei uns eher als <a href=\"http:\/\/www.comicleser.de\/?p=1110\" target=\"_blank\">Graphic Novels<\/a> denn als Mangas vermarktet werden, der selbst allerdings leider nicht anwesend war. Etliche Originale und ein verbl\u00fcffend detaillierter Zeichenstil luden zu einem ausgiebigen Studium und zu l\u00e4ngerem Verweilen ein. Auch \u201eIkarus\u201c, seiner Zusammenarbeit mit Moebius (derzeit aktuell bei Schreiber &amp; Leser), wurde ausreichend Platz einger\u00e4umt. Auf dem Schlossplatz beeindruckte die Kinky &amp; Cosy Experience (dt. beim Avant Verlag) mit ihrer aufw\u00e4ndigen, interaktiven wie witzigen Machart nachhaltig die Besucher.<\/p>\n<div id=\"attachment_4110\" style=\"width: 360px\" class=\"wp-caption alignleft\"><img loading=\"lazy\" decoding=\"async\" aria-describedby=\"caption-attachment-4110\" class=\"size-full wp-image-4110\" src=\"http:\/\/www.comicleser.de\/wp-content\/uploads\/2016\/06\/Indien-Ausstellung.jpg\" alt=\"Indische Comics...\" width=\"350\" height=\"263\" srcset=\"http:\/\/www.comicleser.de\/wp-content\/uploads\/2016\/06\/Indien-Ausstellung.jpg 350w, http:\/\/www.comicleser.de\/wp-content\/uploads\/2016\/06\/Indien-Ausstellung-300x225.jpg 300w\" sizes=\"auto, (max-width: 350px) 100vw, 350px\" \/><p id=\"caption-attachment-4110\" class=\"wp-caption-text\">Indische Comics&#8230;<\/p><\/div>\n<p>Kein Festival ohne Preisverleihung: wie immer wurde in mehreren Kategorien der Max-und-Moritz Preis verliehen. Comedy-Nudel und Comic-Nase Hella von Sinnen f\u00fchrte erneut bew\u00e4hrt durch die Gala im Markgrafentheater, welche Besuchern zufolge auch einmal mehr einen Tick zu lange dauerte. Beste\/r deutschsprachige\/r Comic-K\u00fcnstler\/in wurde Barbara Yelin (auch aufgrund ihrer aktuelle Graphic Novel \u201eIrmina\u201c), den Preis f\u00fcr ihr Lebenswerk erhielt die Franz\u00f6sin Claire Bret\u00e9cher, die gesundheitsbedingt leider nicht anwesend sein konnte (Liste der Preistr\u00e4ger siehe weiter unten). Eines allerdings war komplett neu &#8211; denn f\u00fcr uns selbst brachte der Comicsalon ein Novum: wir reisten fr\u00fcher ab als gewohnt. Ernsthaft. Nicht weil wir die Nase voll hatten, mitnichten. Vielmehr wartete als Kontrastprogramm ein Wochenend-Workout der ganz anderen Art auf uns: das Rockavaria-Festival in M\u00fcnchen n\u00e4mlich, wo ein vielf\u00e4ltiges Programm durchaus lauter Musik unserer harrte und einen Mitstreiter sogar schon am Freitag entf\u00fchrte (in M\u00fcnchen sieht man sich im n\u00e4chsten Jahr beim Comicfestival, u.a. mit <a href=\"http:\/\/www.comicleser.de\/?tag=terry-moore\" target=\"_blank\">Terry Moore<\/a> und \u201eSpion und Spion\u201c-Zeichner Peter Kuper). Aber das ist eine andere, nicht minder interessante Geschichte, <a href=\"http:\/\/www.kuehleszeug.de\/blog\/2016\/5\/31\/mnchen-macht-metal-das-war-das-rockavaria-2016\" target=\"_blank\">die man in einer uns nahestehenden Postille nachlesen kann\u2026<\/a> (bw\/hb)<\/p>\n<p>&nbsp;<\/p>\n<p><u>Alle Max-und-Moritz Preistr\u00e4ger des Comic-Salons 2016:<\/u><\/p>\n<p>Beste\/r deutschsprachige\/r Comic-K\u00fcnstler\/in: <strong>Barbara Yelin<\/strong><\/p>\n<p>Preis f\u00fcr das Lebenswerk: <strong>Claire Bret\u00e9cher<\/strong><\/p>\n<p>Bester deutschsprachiger Comic: <strong>Madgermanes von Birgit Weyhe (avant verlag)<\/strong><\/p>\n<p>Bester internationaler Comic: <strong>Ein<\/strong><strong> Sommer am See von Mariko Tamaki und Jillian Tamaki<\/strong> <strong>(Reprodukt)<\/strong><\/p>\n<p>Bester deutschsprachiger Comic-Strip: <strong>Das<\/strong><strong> Hochhaus. 102 Etagen Leben von Katharina Greve (Webcomic)<\/strong><\/p>\n<p>Bester Comic f\u00fcr Kinder: <strong>Kiste<\/strong><strong> von Patrick Wirbeleit und Uwe Heidsch\u00f6tter (Reprodukt)<\/strong><\/p>\n<p>Publikumspreis: <strong>Crash \u2018n\u2018 Burn von Mikiko Ponczek (Tokyopop)<\/strong><\/p>\n<p>Beste studentische Comic-Publikation: <strong>Wunderfitz<\/strong><strong> der M\u00fcnster School of Design<\/strong><\/p>\n<p>Spezialpreise der Jury: <strong>avant-verlag<\/strong><strong> und Katharsis<\/strong><strong> von Luz (Fischer)<\/strong><\/p>\n<p>&nbsp;<\/p>\n<p>(Copyright Plakat: Internationaler Comic-Salon Erlangen)<\/p>\n<div class=\"wp_twitter_button\" style=\"float: right; margin-left: 10px;\">\n\t\t\t\t<a href=\"http:\/\/twitter.com\/share?counturl=http%3A%2F%2Fwww.comicleser.de%2F%3Fp%3D4099\" class=\"twitter-share-button\" data-url=\"http:\/\/www.comicleser.de\/?p=4099\" data-count=\"none\" data-via=\"comicleser\" data-lang=\"de\" data-text=\"Comic-Salon Erlangen 2016 &raquo; Comicleser #Achd\u00e9 #Andreas #Comic-Salon #Comicplus #Cross Cult  [...]\">Tweet<\/a>\n\t\t\t<\/div>\n","protected":false},"excerpt":{"rendered":"<p>Hashtag CSE16! Man muss ja mit der Zeit gehen, und so durfte man geduldig entschl\u00fcsseln, dass damit nicht ein neuer Wochentag, sondern der sozialnetzwerkende Verweis (hashtag) auf den Comicsalon (cse) 2016 (ok das bekommt ihr jetzt selbst raus) gemeint war \u2013 und zwar schon Ausgabe 17, um die Verwirrung komplett zu machen. Erlangen und der [&hellip;]<\/p>\n","protected":false},"author":1,"featured_media":0,"comment_status":"closed","ping_status":"open","sticky":false,"template":"","format":"standard","meta":{"footnotes":""},"categories":[67],"tags":[2059,2156,647,2157,220,1275,681,2159,1972,2057,1398,761,646,1318,1492,131,1638,1497,2158,1494,1488],"class_list":["post-4099","post","type-post","status-publish","format-standard","hentry","category-events","tag-achde","tag-andreas","tag-comic-salon","tag-comicplus","tag-cross-cult","tag-egmont","tag-erlangen","tag-hella-von-sinnen","tag-john-bolton","tag-lucky-luke","tag-marcel-uderzo","tag-matthieu-bonhomme","tag-max-und-moritz-preis","tag-mikael-bourgouin","tag-panini","tag-peter-snejbjerg","tag-popcom","tag-reprodukt","tag-rockavaria","tag-schreiber-leser","tag-splitter"],"_links":{"self":[{"href":"http:\/\/www.comicleser.de\/index.php?rest_route=\/wp\/v2\/posts\/4099","targetHints":{"allow":["GET"]}}],"collection":[{"href":"http:\/\/www.comicleser.de\/index.php?rest_route=\/wp\/v2\/posts"}],"about":[{"href":"http:\/\/www.comicleser.de\/index.php?rest_route=\/wp\/v2\/types\/post"}],"author":[{"embeddable":true,"href":"http:\/\/www.comicleser.de\/index.php?rest_route=\/wp\/v2\/users\/1"}],"replies":[{"embeddable":true,"href":"http:\/\/www.comicleser.de\/index.php?rest_route=%2Fwp%2Fv2%2Fcomments&post=4099"}],"version-history":[{"count":9,"href":"http:\/\/www.comicleser.de\/index.php?rest_route=\/wp\/v2\/posts\/4099\/revisions"}],"predecessor-version":[{"id":4129,"href":"http:\/\/www.comicleser.de\/index.php?rest_route=\/wp\/v2\/posts\/4099\/revisions\/4129"}],"wp:attachment":[{"href":"http:\/\/www.comicleser.de\/index.php?rest_route=%2Fwp%2Fv2%2Fmedia&parent=4099"}],"wp:term":[{"taxonomy":"category","embeddable":true,"href":"http:\/\/www.comicleser.de\/index.php?rest_route=%2Fwp%2Fv2%2Fcategories&post=4099"},{"taxonomy":"post_tag","embeddable":true,"href":"http:\/\/www.comicleser.de\/index.php?rest_route=%2Fwp%2Fv2%2Ftags&post=4099"}],"curies":[{"name":"wp","href":"https:\/\/api.w.org\/{rel}","templated":true}]}}