{"id":383,"date":"2011-02-09T14:05:34","date_gmt":"2011-02-09T12:05:34","guid":{"rendered":"http:\/\/www.comicleser.de\/?p=383"},"modified":"2021-12-28T14:19:12","modified_gmt":"2021-12-28T12:19:12","slug":"airborne-44-band-1-salleck","status":"publish","type":"post","link":"http:\/\/www.comicleser.de\/?p=383","title":{"rendered":"Airborne 44, Band 1 (Salleck)"},"content":{"rendered":"<p><img loading=\"lazy\" decoding=\"async\" class=\"alignright size-full wp-image-384\" title=\"Airborne44, Band 1\" src=\"http:\/\/www.comicleser.de\/wp-content\/uploads\/2011\/02\/Airborne44_1.jpg\" alt=\"\" width=\"300\" height=\"400\" srcset=\"http:\/\/www.comicleser.de\/wp-content\/uploads\/2011\/02\/Airborne44_1.jpg 300w, http:\/\/www.comicleser.de\/wp-content\/uploads\/2011\/02\/Airborne44_1-225x300.jpg 225w\" sizes=\"auto, (max-width: 300px) 100vw, 300px\" \/><\/p>\n<p>Kriegswinter 1944: Drei amerikanische GIs sind im heutigen Belgien hinter die br\u00f6ckelnden deutschen Linien geraten. Luther Jepsen, den ein finsteres Geheimnis plagt, bei dem er tiefe Schuld auf sich geladen hat, besteht gegen jede Regel darauf, zwei j\u00fcdische Kinder vor dem sicheren Tod zu retten, indem man sie kurzerhand mitnimmt. Die Wanderung f\u00fchrt die ungleiche Truppe \u00fcber das kriegsversehrte Land hin zum Bauernhof von Gabrielle, die sich alleine durchschl\u00e4gt, seit Mann und Vater von der Wehrmacht zwangsverpflichtet wurden. Dicht auf den Fersen folgen die versprengten Deutschen der Waffen-SS, die einen Fahnenfl\u00fcchtigen suchen, den das Schicksal und seine Wurzeln ebenfalls unweigerlich zu Gabrielle f\u00fchren.<\/p>\n<p>Eckart Schott ist erneut und wie fast schon gewohnt das Kunstst\u00fcck gelungen, ein Juwel auszugraben. Jarbinets einf\u00fchlsame Story besticht zun\u00e4chst einmal durch unfehlbare Detailgenauigkeit: der als Berater hinzugezogene Historiker Philippe Gelain bestand nach eigenem Bekunden auf \u00e4u\u00dferster Akkuratesse \u2013 \u201eKein Abzeichen, keine Uniform, kein Fahrzeug, ja sogar keinen Knopf habe ich ihm erspart!\u201c Was sich denn auch in einer zweij\u00e4hrigen Entstehungszeit niederschlug, die sich allerdings allemal gelohnt hat. Aber Jarbinet ist weit davon entfernt, einfach nur ein gro\u00dfes, einem simplen Historismus verpflichtetes Schlachtenpanorama zu zeichnen, in dem die gro\u00dffl\u00e4chigen Grausamkeiten sonderlich akzentuiert sind. Nein, ganz in der Tradition des historischen Romans wandern die Figuren zwar vor einer gro\u00dfen Kulisse, erleben dabei aber ein ganz eigenes, h\u00f6chst pers\u00f6nliches Drama um Schuld, S\u00fchne und die kleinen Inseln des Gl\u00fccks, die zwar \u00fcberh\u00f6ht sind, aber zu jeder Zeit G\u00fcltigkeit haben. So wie man das bei guter Literatur halt macht, und die bietet dieser Band zweifelsohne. Der sicherlich nicht zuf\u00e4llig so benannte deutschst\u00e4mmige Luther hat sich freiwillig gemeldet, weil er bei der guten Sache dabei sein m\u00f6chte, differenziert dabei aber sehr genau: \u201eIch k\u00e4mpfe nicht gegen \u201aDie Deutschen\u2019 generell, sondern gegen Nazideutschland\u2026das sind zwei paar Schuhe. Wissen Sie, das alte Deutschland ist nicht das von Hitler und seiner Clique von bornierten Ariern. Nein, dieses Deutschland ist das von D\u00fcrer, von Beethoven\u2026 von Goethe, Schiller\u2026 Nietzsche, Hermann Hesse, Otto Dix\u2026 das von Lubitsch und Murnau\u2026\u201c (wer die letzten beiden als Vertreter wahren deutschen Geistes nennt, der kann sowieso nichts mehr falsch machen). So geht es dann auch weniger um billige Polemik oder vordergr\u00fcndige Betroffenheit, sondern um h\u00f6chst menschliche Szenen in einer h\u00f6chst unmenschlichen Zeit. Fast, nur fast scheint es, als k\u00f6nne Luther dem allgegenw\u00e4rtigen Grauen entgehen und so etwas wie Gl\u00fcck finden, aber das Schicksal holt ihn nicht nur in Form seiner Vergangenheit unbarmherzig ein. Der Titel von Band 2, \u201eF\u00fcr uns gibt es kein Morgen\u201c, l\u00e4sst erahnen, dass man auf keinen vers\u00f6hnlichen Ausgang hoffen sollte.<\/p>\n<p>Der Belgier Jarbinet, dessen Werk bislang <em>Die Asche der Katharer<\/em> oder die eingestellte Krimiserie <em>Sam Bracken<\/em> (beide Arboris) umfasst, hat in Airborne eine kongeniale Mischung aus Inhalt und Form gefunden: Das Pers\u00f6nliche, Individuelle steht im Vordergrund, gleichsam am Rande zieht der gro\u00dfe Krieg vor\u00fcber (z.B. in einer Szene, als die Amerikaner einen Nachbarort bombardieren und eine B-52 von den Protagonisten beobachtet abst\u00fcrzt). Das verpackt Jarbinet, der wie immer Story und Inszenierung gleicherma\u00dfen besorgt, in seine ganz eigene Interpretation des franco-belgischen Stils, die bei allem Realismus auch durch Stilisierung, Auslassung, teilweise vignettenhafte Ausschnitte eine individuelle Sprache spricht.<\/p>\n<p>Dass dieses Werk von Eckart Schott nicht nur ausfindig gemacht, sondern auch wie immer auf h\u00f6chstem Niveau eingerichtet, \u00fcbersetzt und produziert wird, versteht sich ja fast von selbst. Band 2 erscheint demn\u00e4chst. (hb)<\/p>\n<p>Airborne 44, Band 1: Da, wo die M\u00e4nner fallen&#8230;<br \/>\nText &amp; Bilder: Philippe Jarbinet<br \/>\n48\u00a0Seiten in Farbe, Hardcover<br \/>\nSalleck Publications<br \/>\n12,90 Euro<\/p>\n<p>ISBN 978-3-89908-357-6<\/p>\n<div class=\"wp_twitter_button\" style=\"float: right; margin-left: 10px;\">\n\t\t\t\t<a href=\"http:\/\/twitter.com\/share?counturl=http%3A%2F%2Fwww.comicleser.de%2F%3Fp%3D383\" class=\"twitter-share-button\" data-url=\"http:\/\/www.comicleser.de\/?p=383\" data-count=\"none\" data-via=\"comicleser\" data-lang=\"de\" data-text=\"Airborne 44, Band 1 (Salleck) &raquo; Comicleser #Airborne 44 #Eckart Schott #Philippe Jarbinet #S [...]\">Tweet<\/a>\n\t\t\t<\/div>\n","protected":false},"excerpt":{"rendered":"<p>Kriegswinter 1944: Drei amerikanische GIs sind im heutigen Belgien hinter die br\u00f6ckelnden deutschen Linien geraten. Luther Jepsen, den ein finsteres Geheimnis plagt, bei dem er tiefe Schuld auf sich geladen hat, besteht gegen jede Regel darauf, zwei j\u00fcdische Kinder vor dem sicheren Tod zu retten, indem man sie kurzerhand mitnimmt. Die Wanderung f\u00fchrt die ungleiche [&hellip;]<\/p>\n","protected":false},"author":2,"featured_media":0,"comment_status":"closed","ping_status":"open","sticky":false,"template":"","format":"standard","meta":{"footnotes":""},"categories":[13],"tags":[724,732,723,1493],"class_list":["post-383","post","type-post","status-publish","format-standard","hentry","category-salleck-publications","tag-airborne-44","tag-eckart-schott","tag-philippe-jarbinet","tag-salleck-publications"],"_links":{"self":[{"href":"http:\/\/www.comicleser.de\/index.php?rest_route=\/wp\/v2\/posts\/383","targetHints":{"allow":["GET"]}}],"collection":[{"href":"http:\/\/www.comicleser.de\/index.php?rest_route=\/wp\/v2\/posts"}],"about":[{"href":"http:\/\/www.comicleser.de\/index.php?rest_route=\/wp\/v2\/types\/post"}],"author":[{"embeddable":true,"href":"http:\/\/www.comicleser.de\/index.php?rest_route=\/wp\/v2\/users\/2"}],"replies":[{"embeddable":true,"href":"http:\/\/www.comicleser.de\/index.php?rest_route=%2Fwp%2Fv2%2Fcomments&post=383"}],"version-history":[{"count":5,"href":"http:\/\/www.comicleser.de\/index.php?rest_route=\/wp\/v2\/posts\/383\/revisions"}],"predecessor-version":[{"id":10077,"href":"http:\/\/www.comicleser.de\/index.php?rest_route=\/wp\/v2\/posts\/383\/revisions\/10077"}],"wp:attachment":[{"href":"http:\/\/www.comicleser.de\/index.php?rest_route=%2Fwp%2Fv2%2Fmedia&parent=383"}],"wp:term":[{"taxonomy":"category","embeddable":true,"href":"http:\/\/www.comicleser.de\/index.php?rest_route=%2Fwp%2Fv2%2Fcategories&post=383"},{"taxonomy":"post_tag","embeddable":true,"href":"http:\/\/www.comicleser.de\/index.php?rest_route=%2Fwp%2Fv2%2Ftags&post=383"}],"curies":[{"name":"wp","href":"https:\/\/api.w.org\/{rel}","templated":true}]}}