{"id":3029,"date":"2015-08-20T16:10:31","date_gmt":"2015-08-20T14:10:31","guid":{"rendered":"http:\/\/www.comicleser.de\/?p=3029"},"modified":"2015-08-20T16:52:44","modified_gmt":"2015-08-20T14:52:44","slug":"star-wars-memories","status":"publish","type":"post","link":"http:\/\/www.comicleser.de\/?p=3029","title":{"rendered":"Star Wars Memories&#8230;"},"content":{"rendered":"<p><img loading=\"lazy\" decoding=\"async\" class=\"alignleft size-full wp-image-3030\" src=\"http:\/\/www.comicleser.de\/wp-content\/uploads\/2015\/08\/Star-Wars-ComicTag.jpg\" alt=\"Star Wars-Comic-Tag 2015\" width=\"286\" height=\"400\" srcset=\"http:\/\/www.comicleser.de\/wp-content\/uploads\/2015\/08\/Star-Wars-ComicTag.jpg 286w, http:\/\/www.comicleser.de\/wp-content\/uploads\/2015\/08\/Star-Wars-ComicTag-215x300.jpg 215w\" sizes=\"auto, (max-width: 286px) 100vw, 286px\" \/><\/p>\n<p><strong>Aufgepasst! Am 22. August ist Star Wars-Comic-Tag!<\/strong><\/p>\n<p>Der bevorstehende Reboot der Serie in den genialen H\u00e4nden von J.J. Abrams konnte ja schon mit dem ersten Trailer die Fangemeinde rund um den Globus in helle Aufregung versetzen. Kein Wunder, tritt doch gegen Ende der viel zu kurzen Szenen ein zwar \u00e4lter gewordener, aber immer noch unvergleichlicher Haudegen auf und stellt fest, man sei endlich zu Hause. Nachdem bis zum Filmstart am 17.12.2015 aber noch einige Umkreisungen des Planeten bevorstehen, nimmt Panini die Vorfreude zum Anlass, die Star Wars-Comicreihe am 25. August neu zu starten \u2013 und zwar mit neuen Stories, einer neuen Nummer 1 und vor allem einem bundesweiten Star Wars Tag. Am Samstag gibt es bei allen teilnehmenden Comic-L\u00e4den dazu einen Event, bei dem man sich nicht nur ein Gratis-Comic, sondern auch Variant Cover der Nummer 1 und vor allem eine Darth Vader Maske abholen kann. Eine \u00dcbersicht der Mitmach-L\u00e4den gibt es hier:<\/p>\n<p><a href=\"http:\/\/www.paninicomics.de\/module\/specials\/static\/star_wars_comic_tag\/img\/haendlerverzeichnis.pdf\">http:\/\/www.paninicomics.de\/module\/specials\/static\/star_wars_comic_tag\/img\/haendlerverzeichnis.pdf<\/a><\/p>\n<div id=\"attachment_3034\" style=\"width: 208px\" class=\"wp-caption alignright\"><img loading=\"lazy\" decoding=\"async\" aria-describedby=\"caption-attachment-3034\" class=\"size-full wp-image-3034\" src=\"http:\/\/www.comicleser.de\/wp-content\/uploads\/2015\/08\/Star-Wars-1-Comicshop.jpg\" alt=\"Die Comicshop Variante der neuen Nr. 1\" width=\"198\" height=\"300\" \/><p id=\"caption-attachment-3034\" class=\"wp-caption-text\">Die Comicshop Variante der neuen Nr. 1<\/p><\/div>\n<p>Aber bevor wir nun alle mit dieser Maske um unsere Kinder herumstreichen und \u201eIch bin Dein Vater!\u201c kr\u00e4chzen, erinnern wir uns doch gerne an das Jahr 1978, als am 10. Februar der erste Krieg der Sterne-Film auch in den deutschen Lichtspielh\u00e4usern landete \u2013 vor Internet-Hype, vor Trailer-Downloads und vor allem vor omnipr\u00e4sent verf\u00fcgbaren Datentr\u00e4gern. Da verfolgte man n\u00e4mlich vollst\u00e4ndig atemlos im Fernsehen (z.B. im Gro\u00dfen Preis, der Spielshow, die die ganze Familie liebte und in der Wim Thoelke aussah wie Herr Kaiser von der Versicherung) die kurzen Spots, in denen ein J\u00fcngling in wei\u00dfer Tunika eine ebenso wei\u00df gekleidete Holde mit einem wagemutigen Schwung \u00fcber einen Abgrund rettete und Raumschiffe durch das Weltall rasten. So etwas hatte man noch nie gesehen, wollte das aber nat\u00fcrlich doch so dringend.<\/p>\n<p>Und da lag das Problem: Kino war damals etwas Besonderes. Eines sei hier klar betont: ich geh\u00f6rte zu den wenigen Gl\u00fccklichen, die \u00fcberhaupt dahin gekarrt wurden, 3-4 Mal im Jahr, zu Highlights wie James Bond oder auch Superman, der 1979 in die deutschen Kinos einschwebte und vollkommen alternativlos war. Ich war also ohnehin schon ein G\u00fcnstling der G\u00f6tter. Aber das mit diesem Sternenkrieg 1978, das ging f\u00fcr einen 9j\u00e4hrigen Spr\u00f6ssling dann doch selbst meinem massiv wohlwollenden Vater zu weit, der flugs eine Ausrede ersann: die Spielzeiten seien allesamt um Mitternacht und somit nat\u00fcrlich nicht diskutabel. Dem musste man nat\u00fcrlich Glauben schenken, immerhin war das ja ein Film f\u00fcr Erwachsene, so dachte man. Auch im Radio verfolgte einen die Werbung f\u00fcr diesen unfassbaren Film aus Amerika, die in unheilsdr\u00e4uendem Ton verk\u00fcndete: \u201eIhr Kinosessel wird zum Cockpit eines Raumpiloten!\u201c, und als wir im Auto das Haus- und Hofkino just im dem Moment passierten, als eben jene Stimme ert\u00f6nte, kommentierte der fahrende Vater grummelnd: \u201eJa, nachts um 12!\u201c<\/p>\n<div id=\"attachment_3040\" style=\"width: 266px\" class=\"wp-caption alignleft\"><img loading=\"lazy\" decoding=\"async\" aria-describedby=\"caption-attachment-3040\" class=\"size-full wp-image-3040\" src=\"http:\/\/www.comicleser.de\/wp-content\/uploads\/2015\/08\/Star-Wars-H\u00f6rspiel.jpg\" alt=\"Das H\u00f6rspiel! Dank an Markus Hable.\" width=\"256\" height=\"400\" srcset=\"http:\/\/www.comicleser.de\/wp-content\/uploads\/2015\/08\/Star-Wars-H\u00f6rspiel.jpg 256w, http:\/\/www.comicleser.de\/wp-content\/uploads\/2015\/08\/Star-Wars-H\u00f6rspiel-192x300.jpg 192w\" sizes=\"auto, (max-width: 256px) 100vw, 256px\" \/><p id=\"caption-attachment-3040\" class=\"wp-caption-text\">Das H\u00f6rspiel! Dank an Markus Hable.<\/p><\/div>\n<p>Ich hatte wie die Wanderer vor Dantes H\u00f6llentor schon alle Hoffnung fahren lassen, als ich den \u00f6rtlichen Elektroladen passierte und dort eine kleine, blaue Schachtel entdeckte, die das Bild von zwei possierlichen Gestalten zierte: ein gro\u00dfer goldener und ein kleinerer rundlicher Roboter waren da zu sehen, und daneben die verlockende Schrift \u201eKrieg der Sterne\u201c. Es handelte sich um nichts anderes als die Kassette mit der H\u00f6rspielfassung des Films, und nach einer kurzen \u00dcberredungsphase durfte ich eben diese erstehen. Atemlos wurde das Werk in den heimischen Rekorder eingelegt, und ab dann war die Welt irgendwie ein wenig anders: \u201eEs herrscht <strong>B\u00fcrgerkrieg<\/strong>\u201c, berichtete eine unglaublich eindrucksvolle Stimme nach der sattsam bekannten Fanfare, und man war gefangen von den Abenteuern des jungen Luke Skywalker, der sich aufmacht, das Imperium zu besiegen, verfolgt von Darth Vader, unter dem Schutz des geheimnisvollen Ben Kenobi, der hinter den H\u00fcgeln wohnte.<\/p>\n<div id=\"attachment_3036\" style=\"width: 214px\" class=\"wp-caption alignright\"><img loading=\"lazy\" decoding=\"async\" aria-describedby=\"caption-attachment-3036\" class=\"size-full wp-image-3036\" src=\"http:\/\/www.comicleser.de\/wp-content\/uploads\/2015\/08\/Star-Wars-Gratis.jpg\" alt=\"Das Gratis-Heft\" width=\"204\" height=\"300\" \/><p id=\"caption-attachment-3036\" class=\"wp-caption-text\">Das Gratis-Heft<\/p><\/div>\n<p>Da erklangen wie auf der Packung vermerkt wirklich die Original-Dialoge der deutschen Synchron-Fassung, \u00fcberbr\u00fcckt durch einen Erz\u00e4hlerkommentar \u2013 und binnen zwei Wochen konnte ich eben diese vollst\u00e4ndig auswendig, was bis heute so geblieben ist: \u201eLass uns das Ding in die Luft jagen und heimfliegen!\u201c, rezitierte man freudig \u2013 und auch wenn Harrison Ford dem verdutzten George Lucas entgegenhielt, so einen Bl\u00f6dsinn k\u00f6nne man zwar schreiben, aber doch nicht aufsagen, begeisterte es uns vollst\u00e4ndig, dass der Rasende Falke den Kossal-Flug in weniger als 2,5 Parsec absolvierte, ohne dass dieser Satz auch nur ein Jota Sinn zu ergeben brauchte.<\/p>\n<p>Als dann 1980 \u201aDas Imperium schl\u00e4gt zur\u00fcck\u2018 in die Kinos kam, war ich schlie\u00dflich alt genug und konnte auf der Leinwand mitfiebern. Als es im gleichen Jahr dann auch eine Reprise von Krieg der Sterne gab (wie gesagt, damals gab es weder Video noch sonst eine anderweitige Chance, einen Film zu sehen!), besuchten wir \u2013 ich bin bis heute dankbar \u2013 selbst nach einer Heimfahrt aus dem Skiurlaub abends dann noch die Vorstellung, und auch wenn mein Vater nach dem Vorspann selig einschlummerte, buchstabierte ich alles mit und bin bis heute beeindruckt von diesem Erlebnis. Irgendwie muss ich diese H\u00f6rspielkassette organisieren, damit ich noch einmal zuh\u00f6ren kann, wie Ben Kenobi feststellt: \u201eEs gibt eine Alternative zum K\u00e4mpfen.\u201c Heute w\u00fcrde ich das sogar verstehen. (hb)<\/p>\n<div class=\"wp_twitter_button\" style=\"float: right; margin-left: 10px;\">\n\t\t\t\t<a href=\"http:\/\/twitter.com\/share?counturl=http%3A%2F%2Fwww.comicleser.de%2F%3Fp%3D3029\" class=\"twitter-share-button\" data-url=\"http:\/\/www.comicleser.de\/?p=3029\" data-count=\"none\" data-via=\"comicleser\" data-lang=\"de\" data-text=\"Star Wars Memories&#8230; &raquo; Comicleser #Darth Vader #Krieg der Sterne #Marvel #Panini #Star  [...]\">Tweet<\/a>\n\t\t\t<\/div>\n","protected":false},"excerpt":{"rendered":"<p>Aufgepasst! Am 22. August ist Star Wars-Comic-Tag! Der bevorstehende Reboot der Serie in den genialen H\u00e4nden von J.J. Abrams konnte ja schon mit dem ersten Trailer die Fangemeinde rund um den Globus in helle Aufregung versetzen. Kein Wunder, tritt doch gegen Ende der viel zu kurzen Szenen ein zwar \u00e4lter gewordener, aber immer noch unvergleichlicher [&hellip;]<\/p>\n","protected":false},"author":2,"featured_media":0,"comment_status":"closed","ping_status":"open","sticky":false,"template":"","format":"standard","meta":{"footnotes":""},"categories":[12],"tags":[1510,1511,60,1492,961,1509],"class_list":["post-3029","post","type-post","status-publish","format-standard","hentry","category-panini","tag-darth-vader","tag-krieg-der-sterne","tag-marvel","tag-panini","tag-star-wars","tag-star-wars-tag"],"_links":{"self":[{"href":"http:\/\/www.comicleser.de\/index.php?rest_route=\/wp\/v2\/posts\/3029","targetHints":{"allow":["GET"]}}],"collection":[{"href":"http:\/\/www.comicleser.de\/index.php?rest_route=\/wp\/v2\/posts"}],"about":[{"href":"http:\/\/www.comicleser.de\/index.php?rest_route=\/wp\/v2\/types\/post"}],"author":[{"embeddable":true,"href":"http:\/\/www.comicleser.de\/index.php?rest_route=\/wp\/v2\/users\/2"}],"replies":[{"embeddable":true,"href":"http:\/\/www.comicleser.de\/index.php?rest_route=%2Fwp%2Fv2%2Fcomments&post=3029"}],"version-history":[{"count":9,"href":"http:\/\/www.comicleser.de\/index.php?rest_route=\/wp\/v2\/posts\/3029\/revisions"}],"predecessor-version":[{"id":3042,"href":"http:\/\/www.comicleser.de\/index.php?rest_route=\/wp\/v2\/posts\/3029\/revisions\/3042"}],"wp:attachment":[{"href":"http:\/\/www.comicleser.de\/index.php?rest_route=%2Fwp%2Fv2%2Fmedia&parent=3029"}],"wp:term":[{"taxonomy":"category","embeddable":true,"href":"http:\/\/www.comicleser.de\/index.php?rest_route=%2Fwp%2Fv2%2Fcategories&post=3029"},{"taxonomy":"post_tag","embeddable":true,"href":"http:\/\/www.comicleser.de\/index.php?rest_route=%2Fwp%2Fv2%2Ftags&post=3029"}],"curies":[{"name":"wp","href":"https:\/\/api.w.org\/{rel}","templated":true}]}}