{"id":15123,"date":"2026-09-04T11:30:06","date_gmt":"2026-09-04T09:30:06","guid":{"rendered":"https:\/\/www.comicleser.de\/?p=15123"},"modified":"2026-09-04T11:38:33","modified_gmt":"2026-09-04T09:38:33","slug":"i-hate-fairyland-band-3-skinless-crow","status":"publish","type":"post","link":"http:\/\/www.comicleser.de\/?p=15123","title":{"rendered":"I hate Fairyland, Band 3 (Skinless Crow)"},"content":{"rendered":"<div class=\"wp-block-image\">\n<figure class=\"alignleft size-full\"><img loading=\"lazy\" decoding=\"async\" width=\"276\" height=\"400\" src=\"https:\/\/www.comicleser.de\/wp-content\/uploads\/2026\/09\/I-hate-Fairyland-3_WEB.jpg\" alt=\"I hate Fairyland, Band 3 \u2013 Deluxe Edition (Verlag Skinless Crow)\" class=\"wp-image-15124\" srcset=\"http:\/\/www.comicleser.de\/wp-content\/uploads\/2026\/09\/I-hate-Fairyland-3_WEB.jpg 276w, http:\/\/www.comicleser.de\/wp-content\/uploads\/2026\/09\/I-hate-Fairyland-3_WEB-207x300.jpg 207w\" sizes=\"auto, (max-width: 276px) 100vw, 276px\" \/><\/figure><\/div>\n\n\n<p>Endlich zur\u00fcck im richtigen Leben, in der richtigen Welt. Aber: Ist auch wieder nix. Denn Gertrude, kurz Gert genannt, versucht sich in allerlei Jobs, die zwar beileibe nicht zu den Anspruchsvollsten z\u00e4hlen, scheitert aber dennoch jedes Mal krachend. Da kommt ihr das unverhoffte Angebot eines Milliard\u00e4rs gerade recht: William Wiggins&#8216; Sohn Wesley ist seit einem Jahr verschwunden, und (Nach)Forschungen deuten darauf hin, dass er wie und warum auch immer im M\u00e4rchenland gelandet ist. Da Gert dort einschl\u00e4gige Erfahrungen gemacht hat und praktisch ortskundig ist, soll sie den Filius suchen, finden und zur\u00fcckbringen.<\/p>\n\n\n\n<p>Und ganz nebenher plant Vater Wiggins noch \u2013 freilich aus rein finanziellen Gr\u00fcnden \u2013, das M\u00e4rchenland zu \u00fcbernehmen und zu einem gigantischen Themenpark zu machen. Gert bekommt dabei einen Batzen Kohle ab, weshalb sie in das Vorhaben einwilligt. Gemeinsam mit der ein\u00e4ugigen Ratte (samt riesigem Glasauge) Gammelrich, die aus dem M\u00e4rchenland stammt und die als ihr Aufpasser fungiert, wird sie losgeschickt, landet aber weit vom M\u00e4rchenland entfernt in einer h\u00f6llischen Gegend namens Inferno, wo sie von einer \u201eteuflischen Ziege\u201c namens Virgil begr\u00fc\u00dft wird \u2013 und ihr neues Abenteuer endg\u00fcltig beginnt\u2026<\/p>\n\n\n\n<p>Mit Band 3 startet eine neue Quest f\u00fcr Gert, die sie entgegen ihrer Erwartungen nicht direkt zur\u00fcck ins M\u00e4rchenland bringt, sondern ins h\u00f6llische Inferno. Von dort muss sie, jetzt begleitet von Gammelrich und Virgil, den Weg bzw. die T\u00fcr zum M\u00e4rchenland finden, was sich nat\u00fcrlich einmal mehr als epische Aufgabe erweist, bei der sie mit diversen Widrigkeiten k\u00e4mpfen muss. Sch\u00f6nstes Beispiel daf\u00fcr ist die Gremlins Hommage (Joe Dante, <a href=\"https:\/\/www.comicleser.de\/?p=9754\" data-type=\"post\" data-id=\"9754\" target=\"_blank\" rel=\"noreferrer noopener\">1984<\/a> \u2013 die \u00c4lteren werden sich erinnern\u2026), aber auch die pseudo-erotische Episode (Gert ist inzwischen immerhin l\u00e4ngst erwachsen) in den Innereien (!) eines riesigen Seemonsters \u2013 wie immer sch\u00f6n derb und am Rande des Fremdsch\u00e4mens.<\/p>\n\n\n\n<p>Weiteres originelles Highlight in dieser ersten Storyline des Bandes ist die Schilderung der fortdauernden Suche nach jener T\u00fcr, die atemlos und wortlos, ohne Sprechblasen, \u00fcber mehrere Seiten geht, nicht minder wortlos begleitet von den nicht zu h\u00f6renden Kl\u00e4ngen einer Metal-Band, die von Gert prompt Schrottallica getauft wird. Jetzt aber zur zweiten Storyline: K\u00f6nig Kumulus, Bruder von Ex-K\u00f6nigin Wolke, ist der neue Herrscher des M\u00e4rchenlandes und erf\u00e4hrt zu seinem Leidwesen, dass Gert wieder in seinem Reich ihr Unwesen treibt (nebenbei erfahren wir, warum Gerts Fl\u00fcche in den Sprechblasen lautmalerisch abstrahiert werden) und greift zu einer ungew\u00f6hnlichen Methode, Gert ein f\u00fcr alle Mal den Garaus zu machen \u2013 \u201eZur\u00fcck in die Zukunft\u201c l\u00e4sst gr\u00fc\u00dfen\u2026<\/p>\n\n\n<div class=\"wp-block-image\">\n<figure class=\"alignright size-full is-resized\"><img loading=\"lazy\" decoding=\"async\" width=\"700\" height=\"525\" src=\"https:\/\/www.comicleser.de\/wp-content\/uploads\/2026\/09\/I-hate-Fairyland-3_Panel_WEB.jpg\" alt=\"\" class=\"wp-image-15126\" style=\"width:498px;height:auto\" srcset=\"http:\/\/www.comicleser.de\/wp-content\/uploads\/2026\/09\/I-hate-Fairyland-3_Panel_WEB.jpg 700w, http:\/\/www.comicleser.de\/wp-content\/uploads\/2026\/09\/I-hate-Fairyland-3_Panel_WEB-300x225.jpg 300w\" sizes=\"auto, (max-width: 700px) 100vw, 700px\" \/><\/figure><\/div>\n\n\n<p>Dass es Gertrude nicht lange in der realen Welt h\u00e4lt, war von vorneherein klar. Wie Autor und Zeichner <a href=\"https:\/\/www.comicleser.de\/?p=2764\" data-type=\"post\" data-id=\"2764\" target=\"_blank\" rel=\"noreferrer noopener\">Skottie Young<\/a> (diesmal unterst\u00fctzt von Brett Bean) es Story-technisch anstellt, sie wieder in das verhasste M\u00e4rchenland zu locken, in dem sie immerhin <a href=\"https:\/\/www.comicleser.de\/?p=14445\" data-type=\"post\" data-id=\"14445\" target=\"_blank\" rel=\"noreferrer noopener\">mehr als 30 Jahre marodierend verbringend<\/a> musste, ist clever gel\u00f6st. Sp\u00e4ter stellt er sogar alles auf Anfang, wobei Gert einen alten Bekannten wieder trifft, der im wahrsten Sinne den Schl\u00fcssel zum erneuten und diesmal endg\u00fcltigen Verlassen des M\u00e4rchenlandes darstellen k\u00f6nnte.<\/p>\n\n\n\n<p>Wie <a href=\"https:\/\/www.comicleser.de\/?p=14733\" data-type=\"post\" data-id=\"14733\" target=\"_blank\" rel=\"noreferrer noopener\">seine beiden Vorg\u00e4nger<\/a> strotzt auch Band 3 vor grotesken und bizarren Momenten, sowohl erz\u00e4hlerisch als auch optisch (Beispiel: die visuelle Gestaltung der Reise von der realen Welt nach Inferno, oder der Weg durch die Innereien des Monsters). Der Band beinhaltet die Kapitel 21 bis 30. Der Abschlussband der Reihe ist in Vorbereitung und soll schon im Oktober dieses Jahres ver\u00f6ffentlicht werden. Als Dreingabe hier gibt es wieder eine ausf\u00fchrliche Galerie der US-Variant-Cover, sowie das Skript samt Tuschezeichnungen von Kapitel 27, wobei nebenher klar wird, welch gro\u00dfen Anteil am Gesamtbild der Reihe der Kolorist Jean-Francois Beaulieu hat. (bw)<\/p>\n\n\n\n<p><a href=\"https:\/\/skinlesscrow.ch\/de\/35-i-hate-fairyland\" data-type=\"link\" data-id=\"https:\/\/skinlesscrow.ch\/de\/35-i-hate-fairyland\" target=\"_blank\" rel=\"noreferrer noopener\">I hate Fairyland, Band 3 \u2013 Deluxe Edition<\/a><br>Text &amp; Story: Skottie Young<br>Bilder: Skottie Young, Brett Bean,<br>Jean-Francois Beaulieu (Farben)<br>312 Seiten in Farbe, Hardcover<br>Skinless Crow<br>59,50 Euro<\/p>\n\n\n\n<p>ISBN: 978-3-03963-090-5<\/p>\n<div class=\"wp_twitter_button\" style=\"float: right; margin-left: 10px;\">\n\t\t\t\t<a href=\"http:\/\/twitter.com\/share?counturl=http%3A%2F%2Fwww.comicleser.de%2F%3Fp%3D15123\" class=\"twitter-share-button\" data-url=\"http:\/\/www.comicleser.de\/?p=15123\" data-count=\"none\" data-via=\"comicleser\" data-lang=\"de\" data-text=\"I hate Fairyland, Band 3 (Skinless Crow) &raquo; Comicleser #Brett Bean #Deluxe Edition #Fantasy # [...]\">Tweet<\/a>\n\t\t\t<\/div>","protected":false},"excerpt":{"rendered":"<p>Endlich zur\u00fcck im richtigen Leben, in der richtigen Welt. Aber: Ist auch wieder nix. Denn Gertrude, kurz Gert genannt, versucht sich in allerlei Jobs, die zwar beileibe nicht zu den Anspruchsvollsten z\u00e4hlen, scheitert aber dennoch jedes Mal krachend. Da kommt ihr das unverhoffte Angebot eines Milliard\u00e4rs gerade recht: William Wiggins&#8216; Sohn Wesley ist seit einem [&hellip;]<\/p>\n","protected":false},"author":1,"featured_media":0,"comment_status":"closed","ping_status":"open","sticky":false,"template":"","format":"standard","meta":{"footnotes":""},"categories":[5066],"tags":[6478,4098,147,37,23,6270,316,6272,5072,1352],"class_list":["post-15123","post","type-post","status-publish","format-standard","hentry","category-skinless-crow","tag-brett-bean","tag-deluxe-edition","tag-fantasy","tag-funny","tag-gesamtausgabe","tag-i-hate-fairyland","tag-image-comics","tag-jean-francois-beaulieu","tag-skinless-crow","tag-skottie-young"],"_links":{"self":[{"href":"http:\/\/www.comicleser.de\/index.php?rest_route=\/wp\/v2\/posts\/15123","targetHints":{"allow":["GET"]}}],"collection":[{"href":"http:\/\/www.comicleser.de\/index.php?rest_route=\/wp\/v2\/posts"}],"about":[{"href":"http:\/\/www.comicleser.de\/index.php?rest_route=\/wp\/v2\/types\/post"}],"author":[{"embeddable":true,"href":"http:\/\/www.comicleser.de\/index.php?rest_route=\/wp\/v2\/users\/1"}],"replies":[{"embeddable":true,"href":"http:\/\/www.comicleser.de\/index.php?rest_route=%2Fwp%2Fv2%2Fcomments&post=15123"}],"version-history":[{"count":5,"href":"http:\/\/www.comicleser.de\/index.php?rest_route=\/wp\/v2\/posts\/15123\/revisions"}],"predecessor-version":[{"id":15130,"href":"http:\/\/www.comicleser.de\/index.php?rest_route=\/wp\/v2\/posts\/15123\/revisions\/15130"}],"wp:attachment":[{"href":"http:\/\/www.comicleser.de\/index.php?rest_route=%2Fwp%2Fv2%2Fmedia&parent=15123"}],"wp:term":[{"taxonomy":"category","embeddable":true,"href":"http:\/\/www.comicleser.de\/index.php?rest_route=%2Fwp%2Fv2%2Fcategories&post=15123"},{"taxonomy":"post_tag","embeddable":true,"href":"http:\/\/www.comicleser.de\/index.php?rest_route=%2Fwp%2Fv2%2Ftags&post=15123"}],"curies":[{"name":"wp","href":"https:\/\/api.w.org\/{rel}","templated":true}]}}