{"id":14212,"date":"2025-12-01T13:08:51","date_gmt":"2025-12-01T11:08:51","guid":{"rendered":"https:\/\/www.comicleser.de\/?p=14212"},"modified":"2025-12-01T13:08:51","modified_gmt":"2025-12-01T11:08:51","slug":"in-suende-toeten-dantes-verlag","status":"publish","type":"post","link":"http:\/\/www.comicleser.de\/?p=14212","title":{"rendered":"in S\u00fcnde t\u00f6ten (Dantes Verlag)"},"content":{"rendered":"<div class=\"wp-block-image\">\n<figure class=\"alignleft size-full\"><img loading=\"lazy\" decoding=\"async\" width=\"274\" height=\"400\" src=\"https:\/\/www.comicleser.de\/wp-content\/uploads\/2025\/12\/In-Suende-toeten_WEB.jpg\" alt=\"&quot;in S\u00fcnde t\u00f6ten&quot; von Randy Valiente (Dantes Verlag) \" class=\"wp-image-14213\" srcset=\"http:\/\/www.comicleser.de\/wp-content\/uploads\/2025\/12\/In-Suende-toeten_WEB.jpg 274w, http:\/\/www.comicleser.de\/wp-content\/uploads\/2025\/12\/In-Suende-toeten_WEB-206x300.jpg 206w\" sizes=\"auto, (max-width: 274px) 100vw, 274px\" \/><\/figure><\/div>\n\n\n<p>Irgendwo auf den <a href=\"https:\/\/www.comicleser.de\/?p=13366\" data-type=\"post\" data-id=\"13366\" target=\"_blank\" rel=\"noreferrer noopener\">Philippinen<\/a>: der junge Karl kellnert, um sich und seinen Vater \u00fcber Wasser zu halten. Sein Vater ist mehr oder weniger Invalide, hat ein kaputtes Knie und ben\u00f6tigt beim Gehen eine Kr\u00fccke. Karl, dessen Mutter schon vor zehn Jahren starb, mag seinen Job nicht sonderlich. Er dr\u00e4ngt seinen Vater zum Verkauf ihres Hauses, das zu gro\u00df f\u00fcr die beiden ist, doch der z\u00f6gert noch. Der neue Nachbar, der gerade das Haus gegen\u00fcber bezogen hat, bedeutet eine willkommene Abwechslung f\u00fcr Karl. Denn Tao, so nennt er sich, ist ein Zeichner. Da auch Karl gerne zeichnet, wird Tao mit der Zeit eine Art Mentor f\u00fcr ihn, gibt ihm wertvolle Tipps und ermutigt ihn. Was Karl nicht ahnt: Tao ist mehr als nur ein begabter K\u00fcnstler\u2026<\/p>\n\n\n\n<p>Wieder die <a href=\"https:\/\/www.comicleser.de\/?p=13692\" data-type=\"post\" data-id=\"13692\" target=\"_blank\" rel=\"noreferrer noopener\">Philippinen<\/a>, wieder Randy Valiente. Vom Inhalt her diesmal aber v\u00f6llig anders. Nahm uns Autor und Zeichner Valiente in \u201eNo Man Manila\u201c noch mit auf einen ungew\u00f6hnlichen Stadtrundgang, f\u00fchrt er uns hier gemeinsam mit Karl durch einen Teil der j\u00fcngeren Geschichte des Inselstaates im Pazifik. Denn Karl erf\u00e4hrt bald mehr \u00fcber die bewegte Vergangenheit seines neuen Nachbarn, der erst Soldat und dann Guerilla wurde. Auch sein Vater war nicht immer invalide. In seiner Jugend war er ein Studentenf\u00fchrer und ein Aktivist und lernte so Karls Mutter kennen, beide durch gemeinsame Ideale und politische Gesinnung verbunden.<\/p>\n\n\n\n<p>Tats\u00e4chlich ben\u00f6tigt der Band, der immerhin \u00fcber 200 Seiten umfasst, eine ganze Weile bis er in Fahrt kommt. Er beginnt mit Karl, seiner Arbeit und seinen Sorgen. Dann kommt Tao als Nachbar und Zeichner ins Spiel, gibt Karl Anleitungen (die Valiente auch optisch darstellt) und so hat man als Leserin und Leser noch keine Ahnung, welche Richtung die Geschichte einschlagen wird. Mit den in Skizzenform dargestellten R\u00fcckblenden auf die Vergangenheit Taos und des Vaters er\u00f6ffnet Valiente eine weitere, neue Perspektive, die f\u00fcr den Fortgang der Story wichtig ist. Denn die stellt dann Verkn\u00fcpfungen und Verbindungen her, die den jungen Karl v\u00f6llig unvorbereitet treffen. Auch was den letzten Teil des Bandes betrifft.<\/p>\n\n\n\n<p>Wie in <a href=\"https:\/\/www.comicleser.de\/?p=14134\" data-type=\"post\" data-id=\"14134\" target=\"_blank\" rel=\"noreferrer noopener\">\u201eNo Man Manila\u201c<\/a> arbeitet Valiente nur mit einer Schmuckfarbe, hier ist es ein T\u00fcrkis-Ton statt blau, ansonsten bleiben seine Panels schwarz-wei\u00df. Seine Zeichnungen wechseln von skizzenhaft bis realistisch, immer wieder recht minimalistisch, mit Mut zur freien Fl\u00e4che \u2013 auch das erinnert an \u201eNo Man Manila\u201c. Um die Geschichte, bzw. deren politische Hintergr\u00fcnde (in den Dialogen und in den R\u00fcckblenden) verstehen und einordnen zu k\u00f6nnen, lohnt es tats\u00e4chlich, vor der eigentlichen Lekt\u00fcre des Bandes die einmal mehr ausf\u00fchrlichen und fundierten Anmerkungen (Zumindest deren Einleitung) zu lesen, die \u00dcbersetzer Jens. R. Nielsen wie schon fast gewohnt am Ende platziert hat. Das Verst\u00e4ndnis steigert das Lesevergn\u00fcgen dieses Bandes, der \u2013 das spoilern wir noch kurz \u2013 ein dramatisch hartes Ende findet. (bw)<\/p>\n\n\n\n<p><a href=\"https:\/\/www.dantes-verlag.de\/artikel\/in-s%C3%BCnde-t%C3%B6ten\/#cc-m-product-12416478021\" data-type=\"link\" data-id=\"https:\/\/www.dantes-verlag.de\/artikel\/in-s%C3%BCnde-t%C3%B6ten\/#cc-m-product-12416478021\" target=\"_blank\" rel=\"noreferrer noopener\">in S\u00fcnde t\u00f6ten<\/a><br>Text &amp; Bilder: Randy Valiente<br>220 Seiten in Farbe, Softcover<br>Dantes Verlag<br>25 Euro<\/p>\n\n\n\n<p>ISBN: 978-3-68902-022-4<\/p>\n<div class=\"wp_twitter_button\" style=\"float: right; margin-left: 10px;\">\n\t\t\t\t<a href=\"http:\/\/twitter.com\/share?counturl=http%3A%2F%2Fwww.comicleser.de%2F%3Fp%3D14212\" class=\"twitter-share-button\" data-url=\"http:\/\/www.comicleser.de\/?p=14212\" data-count=\"none\" data-via=\"comicleser\" data-lang=\"de\" data-text=\"in S\u00fcnde t\u00f6ten (Dantes Verlag) &raquo; Comicleser #Dantes #Dantes Verlag #Einzelband #Graphic No [...]\">Tweet<\/a>\n\t\t\t<\/div>","protected":false},"excerpt":{"rendered":"<p>Irgendwo auf den Philippinen: der junge Karl kellnert, um sich und seinen Vater \u00fcber Wasser zu halten. Sein Vater ist mehr oder weniger Invalide, hat ein kaputtes Knie und ben\u00f6tigt beim Gehen eine Kr\u00fccke. Karl, dessen Mutter schon vor zehn Jahren starb, mag seinen Job nicht sonderlich. Er dr\u00e4ngt seinen Vater zum Verkauf ihres Hauses, [&hellip;]<\/p>\n","protected":false},"author":1,"featured_media":0,"comment_status":"closed","ping_status":"open","sticky":false,"template":"","format":"standard","meta":{"footnotes":""},"categories":[2646],"tags":[5633,2650,25,35,6200,5947,6178],"class_list":["post-14212","post","type-post","status-publish","format-standard","hentry","category-dantes-verlag","tag-dantes","tag-dantes-verlag","tag-einzelband","tag-graphic-novel","tag-in-suende-toeten","tag-philippinen","tag-randy-valiente"],"_links":{"self":[{"href":"http:\/\/www.comicleser.de\/index.php?rest_route=\/wp\/v2\/posts\/14212","targetHints":{"allow":["GET"]}}],"collection":[{"href":"http:\/\/www.comicleser.de\/index.php?rest_route=\/wp\/v2\/posts"}],"about":[{"href":"http:\/\/www.comicleser.de\/index.php?rest_route=\/wp\/v2\/types\/post"}],"author":[{"embeddable":true,"href":"http:\/\/www.comicleser.de\/index.php?rest_route=\/wp\/v2\/users\/1"}],"replies":[{"embeddable":true,"href":"http:\/\/www.comicleser.de\/index.php?rest_route=%2Fwp%2Fv2%2Fcomments&post=14212"}],"version-history":[{"count":1,"href":"http:\/\/www.comicleser.de\/index.php?rest_route=\/wp\/v2\/posts\/14212\/revisions"}],"predecessor-version":[{"id":14214,"href":"http:\/\/www.comicleser.de\/index.php?rest_route=\/wp\/v2\/posts\/14212\/revisions\/14214"}],"wp:attachment":[{"href":"http:\/\/www.comicleser.de\/index.php?rest_route=%2Fwp%2Fv2%2Fmedia&parent=14212"}],"wp:term":[{"taxonomy":"category","embeddable":true,"href":"http:\/\/www.comicleser.de\/index.php?rest_route=%2Fwp%2Fv2%2Fcategories&post=14212"},{"taxonomy":"post_tag","embeddable":true,"href":"http:\/\/www.comicleser.de\/index.php?rest_route=%2Fwp%2Fv2%2Ftags&post=14212"}],"curies":[{"name":"wp","href":"https:\/\/api.w.org\/{rel}","templated":true}]}}