{"id":11865,"date":"2023-09-14T12:28:26","date_gmt":"2023-09-14T10:28:26","guid":{"rendered":"http:\/\/www.comicleser.de\/?p=11865"},"modified":"2023-09-14T12:36:09","modified_gmt":"2023-09-14T10:36:09","slug":"batman-tag-2023","status":"publish","type":"post","link":"http:\/\/www.comicleser.de\/?p=11865","title":{"rendered":"Batman-Tag 2023"},"content":{"rendered":"\n<div class=\"wp-block-image\"><figure class=\"alignright size-large\"><img loading=\"lazy\" decoding=\"async\" width=\"312\" height=\"224\" src=\"http:\/\/www.comicleser.de\/wp-content\/uploads\/2023\/09\/Batman-Tag-2023_WEB.jpg\" alt=\"Batman-Tag 2023\" class=\"wp-image-11866\" srcset=\"http:\/\/www.comicleser.de\/wp-content\/uploads\/2023\/09\/Batman-Tag-2023_WEB.jpg 312w, http:\/\/www.comicleser.de\/wp-content\/uploads\/2023\/09\/Batman-Tag-2023_WEB-300x215.jpg 300w\" sizes=\"auto, (max-width: 312px) 100vw, 312px\" \/><\/figure><\/div>\n\n\n\n<p>Schnell vergeht die Zeit: der dritte Samstag im September naht wieder. Und damit der Batman-Tag, der schon traditionell und international\u00a0j\u00e4hrlich an diesem Termin stattfindet (erstmals in den USA im Jahr 2014 zum <a rel=\"noreferrer noopener\" href=\"http:\/\/www.comicleser.de\/?p=11840\" data-type=\"post\" data-id=\"11840\" target=\"_blank\">75. Geburtstag<\/a> des Fledermausmannes ). Heuer also am 16.09. \u2013 \u00fcbrigens gleichzeitig mit dem erstmals ausgerufenen Manga-Day. Aber das ist eine ganz andere Geschichte\u2026<\/p>\n\n\n\n<div class=\"wp-block-image\"><figure class=\"alignleft size-large is-resized\"><img loading=\"lazy\" decoding=\"async\" src=\"http:\/\/www.comicleser.de\/wp-content\/uploads\/2023\/09\/Batman-Tag-2023_Gargoyle-1_WEB.jpg\" alt=\"Batman: Der Gargoyle von Gotham, Band 1  (Panini Comics)\" class=\"wp-image-11868\" width=\"231\" height=\"337\" srcset=\"http:\/\/www.comicleser.de\/wp-content\/uploads\/2023\/09\/Batman-Tag-2023_Gargoyle-1_WEB.jpg 274w, http:\/\/www.comicleser.de\/wp-content\/uploads\/2023\/09\/Batman-Tag-2023_Gargoyle-1_WEB-206x300.jpg 206w\" sizes=\"auto, (max-width: 231px) 100vw, 231px\" \/><\/figure><\/div>\n\n\n\n<p>Batman-Tag, das bedeutet maximale Promotion und Konzentration auf den popul\u00e4rsten aller DC-Superhelden, garniert mit diversen Sonderausgaben und Schmankerln, die in den <a href=\"https:\/\/paninishop.de\/media\/pdf\/7c\/44\/c3\/batmantag-2023-teilnehmerliste-comicshops7oNOoy3lb23s1.pdf\" data-type=\"URL\" data-id=\"https:\/\/paninishop.de\/media\/pdf\/7c\/44\/c3\/batmantag-2023-teilnehmerliste-comicshops7oNOoy3lb23s1.pdf\" target=\"_blank\" rel=\"noreferrer noopener\">Comicshops und Buchhandlungen<\/a> (mit Comic-Abteilung), erh\u00e4ltlich sind und die auch bei meist direkt bei Panini geordert werden k\u00f6nnen. Nat\u00fcrlich gibt es wieder ein Gratis-Comicheft, das ist inzwischen ebenso Tradition wie die Neu- und Wieder-Ver\u00f6ffentlichung eines Batman Evergreens \u2013 und da gibt es ja wahrlich genug Material.<\/p>\n\n\n\n<div class=\"wp-block-image\"><figure class=\"alignright size-large is-resized\"><img loading=\"lazy\" decoding=\"async\" src=\"http:\/\/www.comicleser.de\/wp-content\/uploads\/2023\/09\/Batman-Tag-2023_Batman-77-Variant_WEB.jpg\" alt=\"\" class=\"wp-image-11870\" width=\"221\" height=\"325\" srcset=\"http:\/\/www.comicleser.de\/wp-content\/uploads\/2023\/09\/Batman-Tag-2023_Batman-77-Variant_WEB.jpg 272w, http:\/\/www.comicleser.de\/wp-content\/uploads\/2023\/09\/Batman-Tag-2023_Batman-77-Variant_WEB-204x300.jpg 204w\" sizes=\"auto, (max-width: 221px) 100vw, 221px\" \/><\/figure><\/div>\n\n\n\n<p>Etwas schade, dass Panini dieses Jahr hier wieder einen alten Bekannten ausgew\u00e4hlt hat: Mit einem Relief-Hardcover wird mit \u201eBatman: Das erste Jahr\u201c (Batman: Year One, von <a href=\"http:\/\/www.comicleser.de\/?p=8616\" data-type=\"post\" data-id=\"8616\" target=\"_blank\" rel=\"noreferrer noopener\">Frank Miller<\/a> und <a href=\"http:\/\/www.comicleser.de\/?p=3173\" data-type=\"post\" data-id=\"3173\" target=\"_blank\" rel=\"noreferrer noopener\">David Mazzucchelli<\/a>) gef\u00fchlt zum x-Ten Mal ein Klassiker erh\u00e4ltlich sein, den eingefleischte Fans bestenfalls schon seit der seligen Carlsen Ausgabe im Regal stehen haben und den es noch immer bei Panini als Deluxe Hardcover im \u00dcberformat gibt.<\/p>\n\n\n\n<p>Interessanter ist dann eine zum <a href=\"http:\/\/www.comicleser.de\/?p=10704\" data-type=\"post\" data-id=\"10704\" target=\"_blank\" rel=\"noreferrer noopener\">Batman-Tag<\/a> vorgezogene Neuver\u00f6ffentlichung im Rahmen der <a href=\"http:\/\/www.comicleser.de\/?tag=black-label\" data-type=\"URL\" data-id=\"http:\/\/www.comicleser.de\/?tag=black-label\" target=\"_blank\" rel=\"noreferrer noopener\">DC Black Label<\/a> Reihe: \u201eDer Gargoyle von Gotham\u201c, Band 1 (von 4), mit au\u00dfergew\u00f6hnlichen Zeichnungen von Eisner Award-Gewinner Rafael Gramp\u00e1, den man bereits von \u201eBatman: Das goldene Kind\u201c kennt (\u00fcbrigens auch von Frank Miller geschrieben). F\u00fcr den gr\u00f6\u00dferen Geldbeutel und f\u00fcr Komplettisten bietet Panini den Sammelschuber zur <a href=\"http:\/\/www.comicleser.de\/?tag=one-bad-day\" data-type=\"URL\" data-id=\"http:\/\/www.comicleser.de\/?tag=one-bad-day\" target=\"_blank\" rel=\"noreferrer noopener\">One Bad Day Reihe<\/a> feil, sowie den auf 222 Exemplare limitierten Batman Adventskalender mit 24 Heften und f\u00fcr schlappe \u20ac 269,&#8211;. Und nat\u00fcrlich g\u00f6nnt sich die Batman Heft-Reihe wieder ein Variant-Cover (s. rechts), &nbsp;das mit 9 Euro vermutlich einen breiteren Zuspruch erfahren wird. Es sollte also f\u00fcr jede und jeden etwas dabei sind. Auch das eben wie <a href=\"http:\/\/www.comicleser.de\/?p=9781\" data-type=\"post\" data-id=\"9781\" target=\"_blank\" rel=\"noreferrer noopener\">jedes Jahr.<\/a> (bw)<\/p>\n\n\n\n<p><\/p>\n<div class=\"wp_twitter_button\" style=\"float: right; margin-left: 10px;\">\n\t\t\t\t<a href=\"http:\/\/twitter.com\/share?counturl=http%3A%2F%2Fwww.comicleser.de%2F%3Fp%3D11865\" class=\"twitter-share-button\" data-url=\"http:\/\/www.comicleser.de\/?p=11865\" data-count=\"none\" data-via=\"comicleser\" data-lang=\"de\" data-text=\"Batman-Tag 2023 &raquo; Comicleser #Batman #Batman-Tag #Das erste Jahr #David Mazzucchelli #Der Ga [...]\">Tweet<\/a>\n\t\t\t<\/div>","protected":false},"excerpt":{"rendered":"<p>Schnell vergeht die Zeit: der dritte Samstag im September naht wieder. Und damit der Batman-Tag, der schon traditionell und international\u00a0j\u00e4hrlich an diesem Termin stattfindet (erstmals in den USA im Jahr 2014 zum 75. Geburtstag des Fledermausmannes ). Heuer also am 16.09. \u2013 \u00fcbrigens gleichzeitig mit dem erstmals ausgerufenen Manga-Day. Aber das ist eine ganz andere [&hellip;]<\/p>\n","protected":false},"author":1,"featured_media":0,"comment_status":"closed","ping_status":"open","sticky":false,"template":"","format":"standard","meta":{"footnotes":""},"categories":[67],"tags":[109,1039,1541,1599,5310,893,1492,5311,28,1537],"class_list":["post-11865","post","type-post","status-publish","format-standard","hentry","category-events","tag-batman","tag-batman-tag","tag-das-erste-jahr","tag-david-mazzucchelli","tag-der-gargoyle-von-gotham","tag-frank-miller","tag-panini","tag-rafael-grampa","tag-superhelden","tag-year-one"],"_links":{"self":[{"href":"http:\/\/www.comicleser.de\/index.php?rest_route=\/wp\/v2\/posts\/11865","targetHints":{"allow":["GET"]}}],"collection":[{"href":"http:\/\/www.comicleser.de\/index.php?rest_route=\/wp\/v2\/posts"}],"about":[{"href":"http:\/\/www.comicleser.de\/index.php?rest_route=\/wp\/v2\/types\/post"}],"author":[{"embeddable":true,"href":"http:\/\/www.comicleser.de\/index.php?rest_route=\/wp\/v2\/users\/1"}],"replies":[{"embeddable":true,"href":"http:\/\/www.comicleser.de\/index.php?rest_route=%2Fwp%2Fv2%2Fcomments&post=11865"}],"version-history":[{"count":8,"href":"http:\/\/www.comicleser.de\/index.php?rest_route=\/wp\/v2\/posts\/11865\/revisions"}],"predecessor-version":[{"id":11877,"href":"http:\/\/www.comicleser.de\/index.php?rest_route=\/wp\/v2\/posts\/11865\/revisions\/11877"}],"wp:attachment":[{"href":"http:\/\/www.comicleser.de\/index.php?rest_route=%2Fwp%2Fv2%2Fmedia&parent=11865"}],"wp:term":[{"taxonomy":"category","embeddable":true,"href":"http:\/\/www.comicleser.de\/index.php?rest_route=%2Fwp%2Fv2%2Fcategories&post=11865"},{"taxonomy":"post_tag","embeddable":true,"href":"http:\/\/www.comicleser.de\/index.php?rest_route=%2Fwp%2Fv2%2Ftags&post=11865"}],"curies":[{"name":"wp","href":"https:\/\/api.w.org\/{rel}","templated":true}]}}