{"id":1175,"date":"2013-11-28T14:07:04","date_gmt":"2013-11-28T12:07:04","guid":{"rendered":"http:\/\/www.comicleser.de\/?p=1175"},"modified":"2013-11-28T14:07:04","modified_gmt":"2013-11-28T12:07:04","slug":"berlinoir-carlsen","status":"publish","type":"post","link":"http:\/\/www.comicleser.de\/?p=1175","title":{"rendered":"Berlinoir (Carlsen)"},"content":{"rendered":"<p><img loading=\"lazy\" decoding=\"async\" class=\"alignright size-full wp-image-1176\" alt=\"Berlinoir\" src=\"http:\/\/www.comicleser.de\/wp-content\/uploads\/2013\/11\/Berlinoir.jpg\" width=\"298\" height=\"400\" srcset=\"http:\/\/www.comicleser.de\/wp-content\/uploads\/2013\/11\/Berlinoir.jpg 298w, http:\/\/www.comicleser.de\/wp-content\/uploads\/2013\/11\/Berlinoir-223x300.jpg 223w\" sizes=\"auto, (max-width: 298px) 100vw, 298px\" \/><\/p>\n<p>Berlin mal anders. Die Stadt hei\u00dft hier Berlinoir und wird von Vampiren regiert. Und die m\u00f6gen es nun einmal dunkel. Ganze Stra\u00dfenz\u00fcge werden lichtsicher abgedeckt und W\u00e4lder gerodet, damit kein Mensch auf die Idee kommt, Holzpf\u00e4hle zu schnitzen. Um die herrschende Vampirklasse und deren Obervampir Szerbenmund zu versorgen werden die Normalb\u00fcrger zur Ader gelassen, ob sie wollen oder nicht. Eine Herrschaft mit stark faschistoiden Z\u00fcgen. Klar, dass sich im Untergrund der Widerstand der Menschen formiert. Attentate auf die Vampiroberen sind keine Seltenheit. Einer der Menschen-Rebellen ist Niall. Bei einem Anschlag begegnet er der Vampirin Hellen \u2013 und verliebt sich in sie. Doch sein Ziel bleibt weiterhin Szerbenmund\u2026 (Teil 1: Scherbenmund). Im zweiten Teil wird Mardocles Nachfolger von Szerbenmund und damit Herrscher von Berlinoir. Auch er f\u00e4llt einem Attentat zum Opfer \u2013 sein Gesicht wird durch die Sonne v\u00f6llig entstellt. In der Stadt w\u00fctet ein Serienkiller. Man ist beunruhigt und will ihn zur Strecke bringen. Wir sehen auch den ersten Auftritt von Radra Cadressis, eine Hardliner-Vampirin, die zur Gener\u00e4lin von Berlinoir bef\u00f6rdert wird. Niall spielt hier nur eine Nebenrolle (Teil 2: Mord!). Im abschlie\u00dfenden dritten Teil (Narbenstadt) rei\u00dft Cadressis die H\u00e4lfte der Stadt an sich und regiert dort mit eiserner Hand. Mardocles muss ihrem Treiben ohnm\u00e4chtig zusehen, bis Niall, inzwischen zum Vampir geworden, sich der Gener\u00e4lin entgegen stellt, um die Stadt wieder zu einen.<\/p>\n<p>Eigentlich ist Berlinoir ein Vorreiter. Denn als 2003 der erste Band des Dreiteilers, der nun als Sammelband (neudeutsch: Gesamtausgabe) vorliegt, bei Edition 52 erschien, war die Vampirwelle noch nicht zu uns her\u00fcbergeschwappt (im gleichen Jahr erschien bei uns auch <a title=\"30 Days of Night, Band 1 (Cross Cult)\" href=\"http:\/\/www.comicleser.de\/?p=775\" target=\"_blank\">30 Days of Night<\/a>). Die Story ist angenehm vielschichtig. Wie zu Zeiten der DDR ist das vampirische Berlinoir eine politische Insel in Deutschland. Und nicht nur einmal wird hier deutsche Geschichte zitiert. Werden in Band 1 Parallelen zur Nazizeit gezogen, bringt Band 3 eine Variante der Deutschen Teilung (Diesmal Nord und S\u00fcd). Dazwischen beinhaltet der zweite Teil eine sch\u00f6ne Hommage an Fritz Langs fr\u00fchen Tonfilmklassiker M von 1930 (man beachte das original Titelbild). Die Architektur und das Design von Metropolis (D 1927), ebenfalls von Lang, ist allgegenw\u00e4rtig und bestimmt das Stadtbild von Berlinoir. Und der Anfang von Band 1 kopiert ganz ungeniert und trotzdem passend den des teuersten deutschen Stummfilms. Doch ein Mittler zwischen Hirn und H\u00e4nden sucht man hier vergebens. Menschen und Vampire \u2013 da kann es kein Happy End geben.<\/p>\n<p>Zeichnerisch ist hier alles Handarbeit. Das wei\u00df man bei Kleist zu sch\u00e4tzen, der inzwischen ein Star in der deutschen Comicszene ist. Mit seinen B\u00fcchern \u00fcber Fidel Castro, Johnny Cash und zuletzt der faszinierende Band \u00fcber den j\u00fcdischen Boxer Hertzko Haft hat er sich eine gro\u00dfe Fangemeinde \u201eerzeichnet\/erschrieben\u201c. Nicht nur im Bereich der Comicleser. Hier zeichnet er nach einem Skript des Berliner Autors Tobias O. Mei\u00dfner (Die D\u00e4monen). Die Neuauflage ist damit eine gelungene Erg\u00e4nzung f\u00fcr alle Kleist-Fans, die dieses \u201eFr\u00fchwerk\u201c von der Erstver\u00f6ffentlichung noch nicht kannten. Ein wenig erg\u00e4nzendes Zusatzmaterial und Skizzen\/Entw\u00fcrfe (w\u00fcrde sich bei den filmischen Vorbildern ja anbieten) h\u00e4tten aus dem Sammelband eine echte Gesamtausgabe gemacht. (bw)<\/p>\n<p>Berlinoir Gesamtausgabe<br \/>\nText: Tobias O. Meissner<br \/>\nBilder: Reinhard Kleist<br \/>\n152 Seiten in Farbe, Hardcover<br \/>\nCarlsen Verlag<br \/>\n24,90 Euro<\/p>\n<p>ISBN: 978-3-551-75108-9<\/p>\n<div class=\"wp_twitter_button\" style=\"float: right; margin-left: 10px;\">\n\t\t\t\t<a href=\"http:\/\/twitter.com\/share?counturl=http%3A%2F%2Fwww.comicleser.de%2F%3Fp%3D1175\" class=\"twitter-share-button\" data-url=\"http:\/\/www.comicleser.de\/?p=1175\" data-count=\"none\" data-via=\"comicleser\" data-lang=\"de\" data-text=\"Berlinoir (Carlsen) &raquo; Comicleser #Berlinoir #Carlsen #Fantasy #Fritz Lang #Gesamtausgabe #Me [...]\">Tweet<\/a>\n\t\t\t<\/div>\n","protected":false},"excerpt":{"rendered":"<p>Berlin mal anders. Die Stadt hei\u00dft hier Berlinoir und wird von Vampiren regiert. Und die m\u00f6gen es nun einmal dunkel. Ganze Stra\u00dfenz\u00fcge werden lichtsicher abgedeckt und W\u00e4lder gerodet, damit kein Mensch auf die Idee kommt, Holzpf\u00e4hle zu schnitzen. Um die herrschende Vampirklasse und deren Obervampir Szerbenmund zu versorgen werden die Normalb\u00fcrger zur Ader gelassen, ob [&hellip;]<\/p>\n","protected":false},"author":2,"featured_media":0,"comment_status":"closed","ping_status":"open","sticky":false,"template":"","format":"standard","meta":{"footnotes":""},"categories":[10],"tags":[428,1491,147,433,23,432,429,431,430],"class_list":["post-1175","post","type-post","status-publish","format-standard","hentry","category-carlsen","tag-berlinoir","tag-carlsen","tag-fantasy","tag-fritz-lang","tag-gesamtausgabe","tag-metropolis","tag-reinhard-kleist","tag-science-fiction-horror","tag-tobias-o-meissner"],"_links":{"self":[{"href":"http:\/\/www.comicleser.de\/index.php?rest_route=\/wp\/v2\/posts\/1175","targetHints":{"allow":["GET"]}}],"collection":[{"href":"http:\/\/www.comicleser.de\/index.php?rest_route=\/wp\/v2\/posts"}],"about":[{"href":"http:\/\/www.comicleser.de\/index.php?rest_route=\/wp\/v2\/types\/post"}],"author":[{"embeddable":true,"href":"http:\/\/www.comicleser.de\/index.php?rest_route=\/wp\/v2\/users\/2"}],"replies":[{"embeddable":true,"href":"http:\/\/www.comicleser.de\/index.php?rest_route=%2Fwp%2Fv2%2Fcomments&post=1175"}],"version-history":[{"count":1,"href":"http:\/\/www.comicleser.de\/index.php?rest_route=\/wp\/v2\/posts\/1175\/revisions"}],"predecessor-version":[{"id":1177,"href":"http:\/\/www.comicleser.de\/index.php?rest_route=\/wp\/v2\/posts\/1175\/revisions\/1177"}],"wp:attachment":[{"href":"http:\/\/www.comicleser.de\/index.php?rest_route=%2Fwp%2Fv2%2Fmedia&parent=1175"}],"wp:term":[{"taxonomy":"category","embeddable":true,"href":"http:\/\/www.comicleser.de\/index.php?rest_route=%2Fwp%2Fv2%2Fcategories&post=1175"},{"taxonomy":"post_tag","embeddable":true,"href":"http:\/\/www.comicleser.de\/index.php?rest_route=%2Fwp%2Fv2%2Ftags&post=1175"}],"curies":[{"name":"wp","href":"https:\/\/api.w.org\/{rel}","templated":true}]}}