{"id":1118,"date":"2013-10-14T12:33:29","date_gmt":"2013-10-14T10:33:29","guid":{"rendered":"http:\/\/www.comicleser.de\/?p=1118"},"modified":"2013-10-15T14:45:23","modified_gmt":"2013-10-15T12:45:23","slug":"tim-un-die-picaros-hessische-ausgabe-carlsen","status":"publish","type":"post","link":"http:\/\/www.comicleser.de\/?p=1118","title":{"rendered":"Tim un die Picaros &#8211; Hessische Ausgabe (Carlsen)"},"content":{"rendered":"<p><img loading=\"lazy\" decoding=\"async\" class=\"alignleft size-full wp-image-1119\" alt=\"Tim und Struppi Dialektausgabe, Band 1: Tim un die Picaros \" src=\"http:\/\/www.comicleser.de\/wp-content\/uploads\/2013\/10\/Tim-un-die-Picaros.jpg\" width=\"299\" height=\"400\" srcset=\"http:\/\/www.comicleser.de\/wp-content\/uploads\/2013\/10\/Tim-un-die-Picaros.jpg 299w, http:\/\/www.comicleser.de\/wp-content\/uploads\/2013\/10\/Tim-un-die-Picaros-224x300.jpg 224w\" sizes=\"auto, (max-width: 299px) 100vw, 299px\" \/><\/p>\n<p>Geklappt hat&#8217;s ja schon einmal: Von Asterix Mundart gibt es bisher 67 B\u00e4nde mit allen erdenklichen Dialekten aus dem deutschen Sprachraum. Ein Dauerbrenner. Jetzt versucht sich der Carlsen Verlag an einer Mundart-Ausgabe seines Zugpferds Tim und Struppi, jenes Klassikers aus der Feder des Belgiers Herg\u00e9. Den Anfang (oder handelt es sich hier um einen Versuchsballon?) macht Tim und die Picaros, das letzte vollst\u00e4ndige <a title=\"Tim und Struppi, Band 1 (Carlsen)\" href=\"http:\/\/www.comicleser.de\/?p=1094\" target=\"_blank\">Album der Reihe<\/a>, das 1976 erschien. Auf Hessisch. Eine gut kalkulierte Ver\u00f6ffentlichung im Vorfeld der Frankfurter Buchmesse. F\u00fcr die Dialekt-Portierung zeichnet sich J\u00fcrgen Leber verantwortlich, der auch bereits alle neun hessischen Asterix Ausgaben bearbeitet hat. Ein echter Fachmann also. Und schon nach ein paar Paneln merkt man: Story und Dialekt passen gut zusammen. Stichworte Ebbelwoi, Handk\u00e4s und Fasching.<\/p>\n<p>Im &#8222;original&#8220; reisen Tim, Kapit\u00e4n Haddock und Professor Bienlein ins s\u00fcdamerikanische San Theodoros, um dort eine vermeintliche Verschw\u00f6rung gegen den Staatschef zu erkl\u00e4ren, an der sie angeblich beteiligt sein sollen. Hier wird aus San Theodoros nun Hammakaalabbe, und die zahlreichen Mitglieder des Tim-Ensembles werden komplett eingehessischt: S\u00e4ngerin Castafiore wird zur Maggit Sponheimer (!), General Alcazar zu General Wutzebobbes, Diener Nestor zum Maddin. Und Haddocks Loch Lomond Whisky wird zu &#8211; na? &#8211; Ebbelwoi nat\u00fcrlich! Sehr am\u00fcsant und logger floggisch angepasst. Mit Spr\u00fcchen und Zitaten von und \u00fcber Heinz Schenk, Flatsch, den Rodgau Monotones und annere Labbeduddel inklusive.<\/p>\n<p>Ob die Mundart Reihe Erfolg hat, wird sich zeigen. Garantie gibt es keine: die Disney Dialekt Reihe brachte es bei Ehapa nur auf 3 Ausgaben&#8230; Wer vom Hessischen dann noch nicht genug hat &#8211; auch die Simpsons aus dem Hause Panini begl\u00fccken uns gerade mit einer hessischen Mundartausgabe. Guude. (bw)<\/p>\n<p>Tim und Struppi Dialektausgabe, Band 1: Tim un die Picaros<br \/>\nText &amp; Bilder: Herg\u00e9<br \/>\nDialektfassung: J\u00fcrgen Leber<br \/>\n64 Seiten in Farbe, Hardcover<br \/>\nCarlsen Verlag<br \/>\n14,90 Euro<\/p>\n<p>ISBN: 978-3-551-78579-4<\/p>\n<div class=\"wp_twitter_button\" style=\"float: right; margin-left: 10px;\">\n\t\t\t\t<a href=\"http:\/\/twitter.com\/share?counturl=http%3A%2F%2Fwww.comicleser.de%2F%3Fp%3D1118\" class=\"twitter-share-button\" data-url=\"http:\/\/www.comicleser.de\/?p=1118\" data-count=\"none\" data-via=\"comicleser\" data-lang=\"de\" data-text=\"Tim un die Picaros &#8211; Hessische Ausgabe (Carlsen) &raquo; Comicleser #Asterix #Carlsen Verlag [...]\">Tweet<\/a>\n\t\t\t<\/div>\n","protected":false},"excerpt":{"rendered":"<p>Geklappt hat&#8217;s ja schon einmal: Von Asterix Mundart gibt es bisher 67 B\u00e4nde mit allen erdenklichen Dialekten aus dem deutschen Sprachraum. Ein Dauerbrenner. Jetzt versucht sich der Carlsen Verlag an einer Mundart-Ausgabe seines Zugpferds Tim und Struppi, jenes Klassikers aus der Feder des Belgiers Herg\u00e9. Den Anfang (oder handelt es sich hier um einen Versuchsballon?) [&hellip;]<\/p>\n","protected":false},"author":2,"featured_media":0,"comment_status":"closed","ping_status":"open","sticky":false,"template":"","format":"standard","meta":{"footnotes":""},"categories":[10],"tags":[394,238,395,396,397,375],"class_list":["post-1118","post","type-post","status-publish","format-standard","hentry","category-carlsen","tag-asterix","tag-carlsen-verlag","tag-herge","tag-jurgen-leber","tag-mundart","tag-tim-und-struppi"],"_links":{"self":[{"href":"http:\/\/www.comicleser.de\/index.php?rest_route=\/wp\/v2\/posts\/1118","targetHints":{"allow":["GET"]}}],"collection":[{"href":"http:\/\/www.comicleser.de\/index.php?rest_route=\/wp\/v2\/posts"}],"about":[{"href":"http:\/\/www.comicleser.de\/index.php?rest_route=\/wp\/v2\/types\/post"}],"author":[{"embeddable":true,"href":"http:\/\/www.comicleser.de\/index.php?rest_route=\/wp\/v2\/users\/2"}],"replies":[{"embeddable":true,"href":"http:\/\/www.comicleser.de\/index.php?rest_route=%2Fwp%2Fv2%2Fcomments&post=1118"}],"version-history":[{"count":2,"href":"http:\/\/www.comicleser.de\/index.php?rest_route=\/wp\/v2\/posts\/1118\/revisions"}],"predecessor-version":[{"id":1124,"href":"http:\/\/www.comicleser.de\/index.php?rest_route=\/wp\/v2\/posts\/1118\/revisions\/1124"}],"wp:attachment":[{"href":"http:\/\/www.comicleser.de\/index.php?rest_route=%2Fwp%2Fv2%2Fmedia&parent=1118"}],"wp:term":[{"taxonomy":"category","embeddable":true,"href":"http:\/\/www.comicleser.de\/index.php?rest_route=%2Fwp%2Fv2%2Fcategories&post=1118"},{"taxonomy":"post_tag","embeddable":true,"href":"http:\/\/www.comicleser.de\/index.php?rest_route=%2Fwp%2Fv2%2Ftags&post=1118"}],"curies":[{"name":"wp","href":"https:\/\/api.w.org\/{rel}","templated":true}]}}