{"id":1094,"date":"2013-09-24T11:37:08","date_gmt":"2013-09-24T09:37:08","guid":{"rendered":"http:\/\/www.comicleser.de\/?p=1094"},"modified":"2013-10-15T14:46:27","modified_gmt":"2013-10-15T12:46:27","slug":"tim-und-struppi-band-1-carlsen","status":"publish","type":"post","link":"http:\/\/www.comicleser.de\/?p=1094","title":{"rendered":"Tim und Struppi, Band 1 (Carlsen)"},"content":{"rendered":"<p><img loading=\"lazy\" decoding=\"async\" class=\"alignright size-full wp-image-1095\" alt=\"Tim und Struppi Kompaktausgabe, Band 1\" src=\"http:\/\/www.comicleser.de\/wp-content\/uploads\/2013\/09\/Tim-und-Struppi-1.jpg\" width=\"303\" height=\"400\" srcset=\"http:\/\/www.comicleser.de\/wp-content\/uploads\/2013\/09\/Tim-und-Struppi-1.jpg 303w, http:\/\/www.comicleser.de\/wp-content\/uploads\/2013\/09\/Tim-und-Struppi-1-227x300.jpg 227w\" sizes=\"auto, (max-width: 303px) 100vw, 303px\" \/><\/p>\n<p>Sein bestes Pferd schickt man bekanntlich m\u00f6glichst oft ins Rennen, wohlwissend, dass einem das Preisgeld sicher ist. Carlsens bestes Pferd \u2013 zumindest im Comicbereich \u2013 d\u00fcrfte Tim und Struppi sein. Dauerbrenner und Klassiker, mit dem der belgische Zeichner Herg\u00e9 ab 1929 eine ganze Comic-Kultur begr\u00fcndete. Nach zahlreichen Varianten (Albenausgabe, Werkausgabe, Miniausgabe, Faksimileausgabe und jetzt auch als <a title=\"Tim un die Picaros \u2013 Hessische Ausgabe (Carlsen)\" href=\"http:\/\/www.comicleser.de\/?p=1118\" target=\"_blank\">Mundart-Variante<\/a>!) ver\u00f6ffentlicht Carlsen nun die 24 Abenteuer in preisg\u00fcnstigen Sammelb\u00e4nden. Quasi als Volksausgabe im kleineren, g\u00fcnstigen Hardcover-Format. Und zwar chronologisch.<\/p>\n<p>So machen gleich die beiden umstrittensten Geschichten den Anfang. Den Erstling, Tim im Lande der Sowjets, aus dem Jahr 1929 und das darauf folgende Tim im Kongo in der Farbfassung von 1946 (urspr\u00fcnglich 1930 erschienen). Die Sowjets-Episode wurde nie von Herg\u00e9 \u00fcberarbeitet oder neu gestaltet und erst sp\u00e4t in den Tim und Struppi Kanon als Band 0 aufgenommen. Herg\u00e9 distanzierte sich von seinem Werk, zu propagandistisch und plump wurden die \u201eBolschewiken\u201c dargestellt, durch deren Land Tim als Aufkl\u00e4rungs-Journalist reist. Folglich ist der fr\u00fche Zeichenstil unausgereift und l\u00e4\u00dft Herg\u00e9s sp\u00e4tere Brillanz und den Ligne Clair Stil bestenfalls erahnen. In Tim im Kongo treten Kolonialgehabe und Herrenmenschtum offen zutage. Zur Erinnerung: Belgisch-Kongo war die ber\u00fcchtigte Privatkolonie des Belgischen K\u00f6nigs Leopold II. Ausbeutung und Gr\u00e4uel waren Jahrzehnte lang an der Tagesordnung. \u201eFolgerichtig\u201c werden Farbige in dem Album als unf\u00e4hig und tolpatschig dargestellt. Tim sucht sich einen Boy und wird Massa genannt. Gro\u00dfwildjagd ist selbstverst\u00e4ndlich.<\/p>\n<p>Aber auch handwerklich und dramaturgisch sind beide Geschichten noch unausgereift. W\u00e4hrend die Sowjets Episode eine Aneinanderreihung von Einzelszenen &#8211; viele davon mit Slapstick \u2013 ist, ist Tim im Kongo zwar zeichnerisch (logisch, ist ja nicht die Urfassung) bereinigt, aber ein anst\u00e4ndiger Handlungsbogen ist auch hier nur rudiment\u00e4r und erst zum Ende hin vorhanden.<\/p>\n<p>F\u00fcr wen taugt nun diese neue Edition? Nat\u00fcrlich f\u00fcr Sammler, die alles kaufen, wo Tim und Struppi draufsteht. Dann f\u00fcr die, die nur einen Bruchteil der Geschichten kennen und die jetzt die Chance auf eine g\u00fcnstige Komplettierung haben. Und schlie\u00dflich f\u00fcr alle Serien-Neulinge, die bisher im Tal der Ahnungslosen verweilten und die nun bitte endlich zuschlagen m\u00f6gen. F\u00fcr die ist der Einstieg ob der beiden kontroversen Abenteuer nicht leicht. Aber hier hei\u00dft es am Ball bleiben. Schon Band 2 (auch bereits erschienen) bringt u.a. den Klassiker Die Zigarren des Pharaos. Und dann geht es Schlag auf Schlag. Insgesamt werden es 8 Sammelb\u00e4nde werden, zuk\u00fcnftig mit je drei Alben. Der letzte Band wird zus\u00e4tzlich noch die unvollendete Episode Tim und die Alpha-Kunst enthalten. (bw)<\/p>\n<p>Tim und Struppi Kompaktausgabe, Band 1<br \/>\nText &amp; Bilder: Herg\u00e9<br \/>\n208 Seiten, schwarz-wei\u00df und in Farbe, Hardcover<br \/>\nCarlsen Verlag<br \/>\n16,90 Euro<\/p>\n<p>ISBN: 978-3-551-73899-8<\/p>\n<div class=\"wp_twitter_button\" style=\"float: right; margin-left: 10px;\">\n\t\t\t\t<a href=\"http:\/\/twitter.com\/share?counturl=http%3A%2F%2Fwww.comicleser.de%2F%3Fp%3D1094\" class=\"twitter-share-button\" data-url=\"http:\/\/www.comicleser.de\/?p=1094\" data-count=\"none\" data-via=\"comicleser\" data-lang=\"de\" data-text=\"Tim und Struppi, Band 1 (Carlsen) &raquo; Comicleser #Carlsen #Gesamtausgabe #Kompaktausgabe #Lign [...]\">Tweet<\/a>\n\t\t\t<\/div>\n","protected":false},"excerpt":{"rendered":"<p>Sein bestes Pferd schickt man bekanntlich m\u00f6glichst oft ins Rennen, wohlwissend, dass einem das Preisgeld sicher ist. Carlsens bestes Pferd \u2013 zumindest im Comicbereich \u2013 d\u00fcrfte Tim und Struppi sein. Dauerbrenner und Klassiker, mit dem der belgische Zeichner Herg\u00e9 ab 1929 eine ganze Comic-Kultur begr\u00fcndete. Nach zahlreichen Varianten (Albenausgabe, Werkausgabe, Miniausgabe, Faksimileausgabe und jetzt auch [&hellip;]<\/p>\n","protected":false},"author":2,"featured_media":0,"comment_status":"closed","ping_status":"open","sticky":false,"template":"","format":"standard","meta":{"footnotes":""},"categories":[10],"tags":[1491,23,379,22,378,377,376,375],"class_list":["post-1094","post","type-post","status-publish","format-standard","hentry","category-carlsen","tag-carlsen","tag-gesamtausgabe","tag-kompaktausgabe","tag-ligne-claire","tag-sammelband","tag-tim-im-kongo","tag-tim-im-lande-der-sowjets","tag-tim-und-struppi"],"_links":{"self":[{"href":"http:\/\/www.comicleser.de\/index.php?rest_route=\/wp\/v2\/posts\/1094","targetHints":{"allow":["GET"]}}],"collection":[{"href":"http:\/\/www.comicleser.de\/index.php?rest_route=\/wp\/v2\/posts"}],"about":[{"href":"http:\/\/www.comicleser.de\/index.php?rest_route=\/wp\/v2\/types\/post"}],"author":[{"embeddable":true,"href":"http:\/\/www.comicleser.de\/index.php?rest_route=\/wp\/v2\/users\/2"}],"replies":[{"embeddable":true,"href":"http:\/\/www.comicleser.de\/index.php?rest_route=%2Fwp%2Fv2%2Fcomments&post=1094"}],"version-history":[{"count":2,"href":"http:\/\/www.comicleser.de\/index.php?rest_route=\/wp\/v2\/posts\/1094\/revisions"}],"predecessor-version":[{"id":1125,"href":"http:\/\/www.comicleser.de\/index.php?rest_route=\/wp\/v2\/posts\/1094\/revisions\/1125"}],"wp:attachment":[{"href":"http:\/\/www.comicleser.de\/index.php?rest_route=%2Fwp%2Fv2%2Fmedia&parent=1094"}],"wp:term":[{"taxonomy":"category","embeddable":true,"href":"http:\/\/www.comicleser.de\/index.php?rest_route=%2Fwp%2Fv2%2Fcategories&post=1094"},{"taxonomy":"post_tag","embeddable":true,"href":"http:\/\/www.comicleser.de\/index.php?rest_route=%2Fwp%2Fv2%2Ftags&post=1094"}],"curies":[{"name":"wp","href":"https:\/\/api.w.org\/{rel}","templated":true}]}}